{"id":7721,"date":"2026-03-02T16:29:02","date_gmt":"2026-03-02T15:29:02","guid":{"rendered":"https:\/\/area-bollenberger.at\/?p=7721"},"modified":"2026-03-02T16:29:02","modified_gmt":"2026-03-02T15:29:02","slug":"wahlmoeglichkeit-bei-abschreibung-von-grundstuecken","status":"publish","type":"post","link":"https:\/\/area-bollenberger.at\/en\/wahlmoeglichkeit-bei-abschreibung-von-grundstuecken\/","title":{"rendered":"Wahlm\u00f6glichkeit bei Abschreibung von Grundst\u00fccken"},"content":{"rendered":"<p>2026 sind bei der Vermietung von Grundst\u00fccken Wahlrechte beim Ansatz der Abschreibungsbasis vorgesehen, die sich langfristig auch auf Ver\u00e4u\u00dferungen auswirken k\u00f6nnen.<\/p>\n<p>Ausgangspunkt war die bisherige Rechtslage, wonach bei der unentgeltlichen \u00dcbertragung einer vermieteten Liegenschaft die Abschreibung des Rechtsvorg\u00e4ngers fortzuf\u00fchren war. Wurde ein zum 31.3.2012 nicht steuerverfangenes Grundst\u00fcck (\u201eAltverm\u00f6gen\u201c) erstmalig zur Erzielung von Eink\u00fcnften aus Vermietung und Verpachtung verwendet, waren bisher die fiktiven Anschaffungskosten als Abschreibungsgrundlage zwingend anzusetzen.<br \/>\nIn der Praxis war unter Umst\u00e4nden schwierig nachzuweisen, ob eine Liegenschaft in der Vergangenheit bereits einmal vermietet und wie hoch in diesem Fall die Abschreibungsbasis beim Rechtsvorg\u00e4nger war. Aus diesem Grund wurde in der Verwaltungspraxis bislang eine Vereinfachung zugelassen, wonach bei unentgeltlicher \u00dcbertragung eines Geb\u00e4udes die fiktiven Anschaffungskosten angesetzt werden konnten, wenn das Geb\u00e4ude trotz vorhergehender Vermietung durch den Rechtsvorg\u00e4nger \u00fcber einen Zeitraum von mehr als zehn Jahren nicht vermietet wurde.<\/p>\n<p><strong>Gesetzliche Verankerung<\/strong><\/p>\n<p>Seit 2026 ist diese Vereinfachung in leicht modifizierter Form gesetzlich verankert: Der Ansatz von fiktiven Anschaffungskosten ist gesetzlich nunmehr auch dann m\u00f6glich, wenn ein unentgeltlich erworbenes Geb\u00e4ude vom Rechtsvorg\u00e4nger vor dem 1.1.2013 letztmalig zur Erzielung von Eink\u00fcnften genutzt wurde. Weiters tritt bei erstmaliger Vermietung an die Stelle des zwingenden Ansatzes der fiktiven Anschaffungskosten ein Wahlrecht, wodurch statt der fiktiven auch die tats\u00e4chlichen Anschaffungskosten angesetzt werden k\u00f6nnen, sofern diese bekannt sind und auf Verlangen nachgewiesen werden k\u00f6nnen.<br \/>\nDer Ansatz der fiktiven Anschaffungskosten f\u00fchrt in der Regel zwar zu einer h\u00f6heren Abschreibung, was w\u00e4hrend der Vermietung aus steuerlicher Sicht vorteilhaft sein kann. Allerdings sind die nachstehenden Auswirkungen bei einer allf\u00e4lligen Ver\u00e4u\u00dferung des Grundst\u00fccks zu beachten.<\/p>\n<p><strong>Auswirkungen auf den Ver\u00e4u\u00dferungsgewinn<\/strong><\/p>\n<p>Bei einer sp\u00e4teren Ver\u00e4u\u00dferung der Liegenschaft kommt es im Falle des Ansatzes der fiktiven Anschaffungskosten zu einer gespaltenen Betrachtungsweise, die das Grundst\u00fcck steuerlich in zwei Phasen, n\u00e4mlich in \u201eAltverm\u00f6gen&#8221; und in \u201eNeuverm\u00f6gen\u201c aufteilt: Die Wertver\u00e4nderungen bis zum Beginn der Vermietung werden dem Altverm\u00f6gen zugerechnet, wobei als Ver\u00e4u\u00dferungserl\u00f6s die fiktiven Anschaffungskosten anzusetzen sind. Wertver\u00e4nderungen ab Beginn der Vermietung z\u00e4hlen zum Neuverm\u00f6gen, wobei anstelle der tats\u00e4chlichen Anschaffungskosten die fiktiven Anschaffungskosten treten.<br \/>\nBei der Berechnung der Immobilienertragsteuer (ImmoESt) wird beim Altverm\u00f6gen f\u00fcr den entsprechenden Teil pauschal mit 86 % der fiktiven Anschaffungskosten gerechnet; daraus ergibt sich eine effektive Steuerbelastung von 4,2 %. Beim Neuverm\u00f6gen wird die Differenz aus Verkaufserl\u00f6s, fiktiven Anschaffungskosten und geltend gemachten Abschreibungen mit 30 % besteuert. Die tats\u00e4chliche Steuerbelastung h\u00e4ngt daher wesentlich von der Vermietungsdauer ab. Ohne Ansatz fiktiver Anschaffungskosten betr\u00e4gt die pauschale ImmoESt ebenfalls 4,2 % des Verkaufserl\u00f6ses.<\/p>\n<p><strong>Hinweis<\/strong><br \/>\nDas Wahlrecht ist sorgf\u00e4ltig zu pr\u00fcfen. Bei geplanter Vermietung oder sp\u00e4terem Verkauf empfiehlt sich eine fr\u00fchzeitige steuerliche Beratung.<\/p>\n","protected":false},"excerpt":{"rendered":"<p>2026 sind bei der Vermietung von Grundst\u00fccken Wahlrechte beim Ansatz der Abschreibungsbasis<br \/>\nvorgesehen, die sich langfristig auch auf Ver\u00e4u\u00dferungen auswirken k\u00f6nnen.<\/p>\n","protected":false},"author":6,"featured_media":7722,"comment_status":"closed","ping_status":"closed","sticky":false,"template":"","format":"standard","meta":{"inline_featured_image":false,"footnotes":""},"categories":[14],"tags":[],"class_list":["post-7721","post","type-post","status-publish","format-standard","has-post-thumbnail","hentry","category-unkategorisiert"],"yoast_head":"<!-- This site is optimized with the Yoast SEO plugin v27.4 - https:\/\/yoast.com\/product\/yoast-seo-wordpress\/ -->\n<title>Wahlm\u00f6glichkeit bei Abschreibung von Grundst\u00fccken<\/title>\n<meta name=\"description\" content=\"2026 sind bei der Vermietung von Grundst\u00fccken Wahlrechte beim Ansatz der Abschreibungsbasis vorgesehen, die sich langfristig auch auf Ver\u00e4u\u00dferungen auswirken k\u00f6nnen.\" \/>\n<meta name=\"robots\" content=\"index, follow, max-snippet:-1, max-image-preview:large, max-video-preview:-1\" \/>\n<link rel=\"canonical\" href=\"https:\/\/area-bollenberger.at\/wahlmoeglichkeit-bei-abschreibung-von-grundstuecken\/\" \/>\n<meta property=\"og:locale\" content=\"en_US\" \/>\n<meta property=\"og:type\" content=\"article\" \/>\n<meta property=\"og:title\" content=\"Wahlm\u00f6glichkeit bei Abschreibung von Grundst\u00fccken\" \/>\n<meta property=\"og:description\" content=\"2026 sind bei der Vermietung von Grundst\u00fccken Wahlrechte beim Ansatz der Abschreibungsbasis vorgesehen, die sich langfristig auch auf Ver\u00e4u\u00dferungen auswirken k\u00f6nnen.\" \/>\n<meta property=\"og:url\" content=\"https:\/\/area-bollenberger.at\/wahlmoeglichkeit-bei-abschreibung-von-grundstuecken\/\" \/>\n<meta property=\"og:site_name\" content=\"Area Bollenberger\" \/>\n<meta property=\"article:publisher\" content=\"https:\/\/www.facebook.com\/Bollenberger.Bollenberger\/\" \/>\n<meta property=\"article:published_time\" content=\"2026-03-02T15:29:02+00:00\" \/>\n<meta property=\"og:image\" content=\"https:\/\/area-bollenberger.at\/wp-content\/uploads\/2026\/03\/7721_jvp15662qox.jpg\" \/>\n\t<meta property=\"og:image:width\" content=\"660\" \/>\n\t<meta property=\"og:image:height\" content=\"319\" \/>\n\t<meta property=\"og:image:type\" content=\"image\/jpeg\" \/>\n<meta name=\"author\" content=\"Programmer\" \/>\n<meta name=\"twitter:card\" content=\"summary_large_image\" \/>\n<meta name=\"twitter:label1\" content=\"Written by\" \/>\n\t<meta name=\"twitter:data1\" content=\"Programmer\" \/>\n\t<meta name=\"twitter:label2\" content=\"Est. reading time\" \/>\n\t<meta name=\"twitter:data2\" content=\"3 minutes\" \/>\n<script type=\"application\/ld+json\" class=\"yoast-schema-graph\">{\"@context\":\"https:\\\/\\\/schema.org\",\"@graph\":[{\"@type\":\"Article\",\"@id\":\"https:\\\/\\\/area-bollenberger.at\\\/wahlmoeglichkeit-bei-abschreibung-von-grundstuecken\\\/#article\",\"isPartOf\":{\"@id\":\"https:\\\/\\\/area-bollenberger.at\\\/wahlmoeglichkeit-bei-abschreibung-von-grundstuecken\\\/\"},\"author\":{\"name\":\"Programmer\",\"@id\":\"https:\\\/\\\/area-bollenberger.at\\\/#\\\/schema\\\/person\\\/20352707a97ff830a14845de19948b88\"},\"headline\":\"Wahlm\u00f6glichkeit bei Abschreibung von Grundst\u00fccken\",\"datePublished\":\"2026-03-02T15:29:02+00:00\",\"mainEntityOfPage\":{\"@id\":\"https:\\\/\\\/area-bollenberger.at\\\/wahlmoeglichkeit-bei-abschreibung-von-grundstuecken\\\/\"},\"wordCount\":468,\"image\":{\"@id\":\"https:\\\/\\\/area-bollenberger.at\\\/wahlmoeglichkeit-bei-abschreibung-von-grundstuecken\\\/#primaryimage\"},\"thumbnailUrl\":\"https:\\\/\\\/area-bollenberger.at\\\/wp-content\\\/uploads\\\/2026\\\/03\\\/7721_jvp15662qox.jpg\",\"articleSection\":[\"Unkategorisiert\"],\"inLanguage\":\"en-US\"},{\"@type\":\"WebPage\",\"@id\":\"https:\\\/\\\/area-bollenberger.at\\\/wahlmoeglichkeit-bei-abschreibung-von-grundstuecken\\\/\",\"url\":\"https:\\\/\\\/area-bollenberger.at\\\/wahlmoeglichkeit-bei-abschreibung-von-grundstuecken\\\/\",\"name\":\"Wahlm\u00f6glichkeit bei Abschreibung von Grundst\u00fccken\",\"isPartOf\":{\"@id\":\"https:\\\/\\\/area-bollenberger.at\\\/#website\"},\"primaryImageOfPage\":{\"@id\":\"https:\\\/\\\/area-bollenberger.at\\\/wahlmoeglichkeit-bei-abschreibung-von-grundstuecken\\\/#primaryimage\"},\"image\":{\"@id\":\"https:\\\/\\\/area-bollenberger.at\\\/wahlmoeglichkeit-bei-abschreibung-von-grundstuecken\\\/#primaryimage\"},\"thumbnailUrl\":\"https:\\\/\\\/area-bollenberger.at\\\/wp-content\\\/uploads\\\/2026\\\/03\\\/7721_jvp15662qox.jpg\",\"datePublished\":\"2026-03-02T15:29:02+00:00\",\"author\":{\"@id\":\"https:\\\/\\\/area-bollenberger.at\\\/#\\\/schema\\\/person\\\/20352707a97ff830a14845de19948b88\"},\"description\":\"2026 sind bei der Vermietung von Grundst\u00fccken Wahlrechte beim Ansatz der Abschreibungsbasis vorgesehen, die sich langfristig auch auf Ver\u00e4u\u00dferungen auswirken k\u00f6nnen.\",\"breadcrumb\":{\"@id\":\"https:\\\/\\\/area-bollenberger.at\\\/wahlmoeglichkeit-bei-abschreibung-von-grundstuecken\\\/#breadcrumb\"},\"inLanguage\":\"en-US\",\"potentialAction\":[{\"@type\":\"ReadAction\",\"target\":[\"https:\\\/\\\/area-bollenberger.at\\\/wahlmoeglichkeit-bei-abschreibung-von-grundstuecken\\\/\"]}]},{\"@type\":\"ImageObject\",\"inLanguage\":\"en-US\",\"@id\":\"https:\\\/\\\/area-bollenberger.at\\\/wahlmoeglichkeit-bei-abschreibung-von-grundstuecken\\\/#primaryimage\",\"url\":\"https:\\\/\\\/area-bollenberger.at\\\/wp-content\\\/uploads\\\/2026\\\/03\\\/7721_jvp15662qox.jpg\",\"contentUrl\":\"https:\\\/\\\/area-bollenberger.at\\\/wp-content\\\/uploads\\\/2026\\\/03\\\/7721_jvp15662qox.jpg\",\"width\":660,\"height\":319},{\"@type\":\"BreadcrumbList\",\"@id\":\"https:\\\/\\\/area-bollenberger.at\\\/wahlmoeglichkeit-bei-abschreibung-von-grundstuecken\\\/#breadcrumb\",\"itemListElement\":[{\"@type\":\"ListItem\",\"position\":1,\"name\":\"Start\",\"item\":\"https:\\\/\\\/area-bollenberger.at\\\/en\\\/\"},{\"@type\":\"ListItem\",\"position\":2,\"name\":\"Wahlm\u00f6glichkeit bei Abschreibung von Grundst\u00fccken\"}]},{\"@type\":\"WebSite\",\"@id\":\"https:\\\/\\\/area-bollenberger.at\\\/#website\",\"url\":\"https:\\\/\\\/area-bollenberger.at\\\/\",\"name\":\"Area Bollenberger\",\"description\":\"Ihr Steuerberater in Wiener Neustadt, Wien, Graz, Purkersdorf\",\"potentialAction\":[{\"@type\":\"SearchAction\",\"target\":{\"@type\":\"EntryPoint\",\"urlTemplate\":\"https:\\\/\\\/area-bollenberger.at\\\/?s={search_term_string}\"},\"query-input\":{\"@type\":\"PropertyValueSpecification\",\"valueRequired\":true,\"valueName\":\"search_term_string\"}}],\"inLanguage\":\"en-US\"},{\"@type\":\"Person\",\"@id\":\"https:\\\/\\\/area-bollenberger.at\\\/#\\\/schema\\\/person\\\/20352707a97ff830a14845de19948b88\",\"name\":\"Programmer\",\"image\":{\"@type\":\"ImageObject\",\"inLanguage\":\"en-US\",\"@id\":\"https:\\\/\\\/secure.gravatar.com\\\/avatar\\\/32a5fef8e085a355e1185a47fe3fab2c6e582bf7eefcf7bc8cefef9fff0682b4?s=96&d=mm&r=g\",\"url\":\"https:\\\/\\\/secure.gravatar.com\\\/avatar\\\/32a5fef8e085a355e1185a47fe3fab2c6e582bf7eefcf7bc8cefef9fff0682b4?s=96&d=mm&r=g\",\"contentUrl\":\"https:\\\/\\\/secure.gravatar.com\\\/avatar\\\/32a5fef8e085a355e1185a47fe3fab2c6e582bf7eefcf7bc8cefef9fff0682b4?s=96&d=mm&r=g\",\"caption\":\"Programmer\"},\"url\":\"https:\\\/\\\/area-bollenberger.at\\\/en\\\/author\\\/programmer\\\/\"}]}<\/script>\n<!-- \/ Yoast SEO plugin. -->","yoast_head_json":{"title":"Wahlm\u00f6glichkeit bei Abschreibung von Grundst\u00fccken","description":"2026 sind bei der Vermietung von Grundst\u00fccken Wahlrechte beim Ansatz der Abschreibungsbasis vorgesehen, die sich langfristig auch auf Ver\u00e4u\u00dferungen auswirken k\u00f6nnen.","robots":{"index":"index","follow":"follow","max-snippet":"max-snippet:-1","max-image-preview":"max-image-preview:large","max-video-preview":"max-video-preview:-1"},"canonical":"https:\/\/area-bollenberger.at\/wahlmoeglichkeit-bei-abschreibung-von-grundstuecken\/","og_locale":"en_US","og_type":"article","og_title":"Wahlm\u00f6glichkeit bei Abschreibung von Grundst\u00fccken","og_description":"2026 sind bei der Vermietung von Grundst\u00fccken Wahlrechte beim Ansatz der Abschreibungsbasis vorgesehen, die sich langfristig auch auf Ver\u00e4u\u00dferungen auswirken k\u00f6nnen.","og_url":"https:\/\/area-bollenberger.at\/wahlmoeglichkeit-bei-abschreibung-von-grundstuecken\/","og_site_name":"Area Bollenberger","article_publisher":"https:\/\/www.facebook.com\/Bollenberger.Bollenberger\/","article_published_time":"2026-03-02T15:29:02+00:00","og_image":[{"width":660,"height":319,"url":"https:\/\/area-bollenberger.at\/wp-content\/uploads\/2026\/03\/7721_jvp15662qox.jpg","type":"image\/jpeg"}],"author":"Programmer","twitter_card":"summary_large_image","twitter_misc":{"Written by":"Programmer","Est. reading time":"3 minutes"},"schema":{"@context":"https:\/\/schema.org","@graph":[{"@type":"Article","@id":"https:\/\/area-bollenberger.at\/wahlmoeglichkeit-bei-abschreibung-von-grundstuecken\/#article","isPartOf":{"@id":"https:\/\/area-bollenberger.at\/wahlmoeglichkeit-bei-abschreibung-von-grundstuecken\/"},"author":{"name":"Programmer","@id":"https:\/\/area-bollenberger.at\/#\/schema\/person\/20352707a97ff830a14845de19948b88"},"headline":"Wahlm\u00f6glichkeit bei Abschreibung von Grundst\u00fccken","datePublished":"2026-03-02T15:29:02+00:00","mainEntityOfPage":{"@id":"https:\/\/area-bollenberger.at\/wahlmoeglichkeit-bei-abschreibung-von-grundstuecken\/"},"wordCount":468,"image":{"@id":"https:\/\/area-bollenberger.at\/wahlmoeglichkeit-bei-abschreibung-von-grundstuecken\/#primaryimage"},"thumbnailUrl":"https:\/\/area-bollenberger.at\/wp-content\/uploads\/2026\/03\/7721_jvp15662qox.jpg","articleSection":["Unkategorisiert"],"inLanguage":"en-US"},{"@type":"WebPage","@id":"https:\/\/area-bollenberger.at\/wahlmoeglichkeit-bei-abschreibung-von-grundstuecken\/","url":"https:\/\/area-bollenberger.at\/wahlmoeglichkeit-bei-abschreibung-von-grundstuecken\/","name":"Wahlm\u00f6glichkeit bei Abschreibung von Grundst\u00fccken","isPartOf":{"@id":"https:\/\/area-bollenberger.at\/#website"},"primaryImageOfPage":{"@id":"https:\/\/area-bollenberger.at\/wahlmoeglichkeit-bei-abschreibung-von-grundstuecken\/#primaryimage"},"image":{"@id":"https:\/\/area-bollenberger.at\/wahlmoeglichkeit-bei-abschreibung-von-grundstuecken\/#primaryimage"},"thumbnailUrl":"https:\/\/area-bollenberger.at\/wp-content\/uploads\/2026\/03\/7721_jvp15662qox.jpg","datePublished":"2026-03-02T15:29:02+00:00","author":{"@id":"https:\/\/area-bollenberger.at\/#\/schema\/person\/20352707a97ff830a14845de19948b88"},"description":"2026 sind bei der Vermietung von Grundst\u00fccken Wahlrechte beim Ansatz der Abschreibungsbasis vorgesehen, die sich langfristig auch auf Ver\u00e4u\u00dferungen auswirken k\u00f6nnen.","breadcrumb":{"@id":"https:\/\/area-bollenberger.at\/wahlmoeglichkeit-bei-abschreibung-von-grundstuecken\/#breadcrumb"},"inLanguage":"en-US","potentialAction":[{"@type":"ReadAction","target":["https:\/\/area-bollenberger.at\/wahlmoeglichkeit-bei-abschreibung-von-grundstuecken\/"]}]},{"@type":"ImageObject","inLanguage":"en-US","@id":"https:\/\/area-bollenberger.at\/wahlmoeglichkeit-bei-abschreibung-von-grundstuecken\/#primaryimage","url":"https:\/\/area-bollenberger.at\/wp-content\/uploads\/2026\/03\/7721_jvp15662qox.jpg","contentUrl":"https:\/\/area-bollenberger.at\/wp-content\/uploads\/2026\/03\/7721_jvp15662qox.jpg","width":660,"height":319},{"@type":"BreadcrumbList","@id":"https:\/\/area-bollenberger.at\/wahlmoeglichkeit-bei-abschreibung-von-grundstuecken\/#breadcrumb","itemListElement":[{"@type":"ListItem","position":1,"name":"Start","item":"https:\/\/area-bollenberger.at\/en\/"},{"@type":"ListItem","position":2,"name":"Wahlm\u00f6glichkeit bei Abschreibung von Grundst\u00fccken"}]},{"@type":"WebSite","@id":"https:\/\/area-bollenberger.at\/#website","url":"https:\/\/area-bollenberger.at\/","name":"Area Bollenberger","description":"Ihr Steuerberater in Wiener Neustadt, Wien, Graz, Purkersdorf","potentialAction":[{"@type":"SearchAction","target":{"@type":"EntryPoint","urlTemplate":"https:\/\/area-bollenberger.at\/?s={search_term_string}"},"query-input":{"@type":"PropertyValueSpecification","valueRequired":true,"valueName":"search_term_string"}}],"inLanguage":"en-US"},{"@type":"Person","@id":"https:\/\/area-bollenberger.at\/#\/schema\/person\/20352707a97ff830a14845de19948b88","name":"Programmer","image":{"@type":"ImageObject","inLanguage":"en-US","@id":"https:\/\/secure.gravatar.com\/avatar\/32a5fef8e085a355e1185a47fe3fab2c6e582bf7eefcf7bc8cefef9fff0682b4?s=96&d=mm&r=g","url":"https:\/\/secure.gravatar.com\/avatar\/32a5fef8e085a355e1185a47fe3fab2c6e582bf7eefcf7bc8cefef9fff0682b4?s=96&d=mm&r=g","contentUrl":"https:\/\/secure.gravatar.com\/avatar\/32a5fef8e085a355e1185a47fe3fab2c6e582bf7eefcf7bc8cefef9fff0682b4?s=96&d=mm&r=g","caption":"Programmer"},"url":"https:\/\/area-bollenberger.at\/en\/author\/programmer\/"}]}},"_links":{"self":[{"href":"https:\/\/area-bollenberger.at\/en\/wp-json\/wp\/v2\/posts\/7721","targetHints":{"allow":["GET"]}}],"collection":[{"href":"https:\/\/area-bollenberger.at\/en\/wp-json\/wp\/v2\/posts"}],"about":[{"href":"https:\/\/area-bollenberger.at\/en\/wp-json\/wp\/v2\/types\/post"}],"author":[{"embeddable":true,"href":"https:\/\/area-bollenberger.at\/en\/wp-json\/wp\/v2\/users\/6"}],"replies":[{"embeddable":true,"href":"https:\/\/area-bollenberger.at\/en\/wp-json\/wp\/v2\/comments?post=7721"}],"version-history":[{"count":1,"href":"https:\/\/area-bollenberger.at\/en\/wp-json\/wp\/v2\/posts\/7721\/revisions"}],"predecessor-version":[{"id":7728,"href":"https:\/\/area-bollenberger.at\/en\/wp-json\/wp\/v2\/posts\/7721\/revisions\/7728"}],"wp:featuredmedia":[{"embeddable":true,"href":"https:\/\/area-bollenberger.at\/en\/wp-json\/wp\/v2\/media\/7722"}],"wp:attachment":[{"href":"https:\/\/area-bollenberger.at\/en\/wp-json\/wp\/v2\/media?parent=7721"}],"wp:term":[{"taxonomy":"category","embeddable":true,"href":"https:\/\/area-bollenberger.at\/en\/wp-json\/wp\/v2\/categories?post=7721"},{"taxonomy":"post_tag","embeddable":true,"href":"https:\/\/area-bollenberger.at\/en\/wp-json\/wp\/v2\/tags?post=7721"}],"curies":[{"name":"wp","href":"https:\/\/api.w.org\/{rel}","templated":true}]}}