{"id":7528,"date":"2025-12-02T17:02:21","date_gmt":"2025-12-02T16:02:21","guid":{"rendered":"https:\/\/area-bollenberger.at\/?p=7528"},"modified":"2025-12-02T17:02:21","modified_gmt":"2025-12-02T16:02:21","slug":"information-fuer-geringfuegige-beschaeftigung-mit-parallelem-arbeitslosenbezug-am-01-01-2026","status":"publish","type":"post","link":"https:\/\/area-bollenberger.at\/en\/information-fuer-geringfuegige-beschaeftigung-mit-parallelem-arbeitslosenbezug-am-01-01-2026\/","title":{"rendered":"Information f\u00fcr geringf\u00fcgige Besch\u00e4ftigung mit parallelem Arbeitslosenbezug am 01.01.2026"},"content":{"rendered":"<p>Die Kombinationsm\u00f6glichkeit einer Geringf\u00fcgigen Besch\u00e4ftigung und Arbeitslosengeld\/ Notstandshilfe wird ab 1.1.2026 nur noch in Ausnahmef\u00e4llen m\u00f6glich sein.<\/p>\n<p>Folgende Voraussetzungen m\u00fcssen gem\u00e4\u00df \u00a7 12 Abs. 2 Arbeitslosenversicherungsgesetzes erf\u00fcllt werden:<\/p>\n<ul>\n<li>Personen, die bereits vor Beginn der Arbeitslosigkeit parallel zu einem vollversicherten Besch\u00e4ftigungsverh\u00e4ltnis geringf\u00fcgig besch\u00e4ftigt waren<\/li>\n<li>Langzeitarbeitslose Personen ab dem 50igsten Lebensjahr<\/li>\n<li>Langzeitarbeitslose Personen mit einer mindestens 50%igen Behinderung<\/li>\n<li>Personen in AMS-Schulungen<\/li>\n<\/ul>\n<p>Andernfalls k\u00f6nnte es zu einem (r\u00fcckwirkenden) Verlust des Arbeitslosengeldes bzw. Notstandshilfe kommen.<\/p>\n<p>Wir weisen ausdr\u00fccklich darauf hin, dass Sie f\u00fcr Ihren Leistungsbezug beim AMS (Arbeitslosengeld, Notstandshilfe) rechtlich selbst verantwortlich sind.<\/p>\n<p>Die gegenst\u00e4ndliche Information erfolgt daher ohne jede Gew\u00e4hr und wir k\u00f6nnen hierf\u00fcr auch keinerlei Haftung \u00fcbernehmen.<\/p>\n<p>F\u00fcr Detailfragen zu Ihren Anspr\u00fcchen auf Arbeitslosengeld oder Notstandshilfe sowie f\u00fcr die Abkl\u00e4rung allf\u00e4lliger Zweifelsfragen kontaktieren Sie bitte die f\u00fcr Sie zust\u00e4ndige AMS-Servicestelle.<\/p>\n","protected":false},"excerpt":{"rendered":"<p>Die Kombinationsm\u00f6glichkeit einer Geringf\u00fcgigen Besch\u00e4ftigung und Arbeitslosengeld\/ Notstandshilfe wird ab 1.1.2026 nur noch in Ausnahmef\u00e4llen m\u00f6glich sein. Folgende Voraussetzungen m\u00fcssen gem\u00e4\u00df \u00a7 12 Abs. 2 Arbeitslosenversicherungsgesetzes erf\u00fcllt werden: Personen, die bereits vor Beginn der Arbeitslosigkeit parallel zu einem vollversicherten Besch\u00e4ftigungsverh\u00e4ltnis geringf\u00fcgig besch\u00e4ftigt waren Langzeitarbeitslose Personen ab dem 50igsten Lebensjahr Langzeitarbeitslose Personen mit einer mindestens 50%igen [&hellip;]<\/p>\n","protected":false},"author":6,"featured_media":7529,"comment_status":"closed","ping_status":"closed","sticky":false,"template":"","format":"standard","meta":{"inline_featured_image":false,"footnotes":""},"categories":[1],"tags":[],"class_list":["post-7528","post","type-post","status-publish","format-standard","has-post-thumbnail","hentry","category-nicht-kategorisiert"],"yoast_head":"<!-- This site is optimized with the Yoast SEO plugin v27.4 - https:\/\/yoast.com\/product\/yoast-seo-wordpress\/ -->\n<title>Information f\u00fcr geringf\u00fcgige Besch\u00e4ftigung mit parallelem Arbeitslosenbezug am 01.01.2026 - Area Bollenberger<\/title>\n<meta name=\"description\" content=\"Die Kombinationsm\u00f6glichkeit einer Geringf\u00fcgigen Besch\u00e4ftigung und Arbeitslosengeld\/ Notstandshilfe wird ab 1.1.2026 nur noch in Ausnahmef\u00e4llen m\u00f6glich sein.\" \/>\n<meta name=\"robots\" content=\"index, follow, max-snippet:-1, max-image-preview:large, max-video-preview:-1\" \/>\n<link rel=\"canonical\" href=\"https:\/\/area-bollenberger.at\/information-fuer-geringfuegige-beschaeftigung-mit-parallelem-arbeitslosenbezug-am-01-01-2026\/\" \/>\n<meta property=\"og:locale\" content=\"en_US\" \/>\n<meta property=\"og:type\" content=\"article\" \/>\n<meta property=\"og:title\" content=\"Information f\u00fcr geringf\u00fcgige Besch\u00e4ftigung mit parallelem Arbeitslosenbezug am 01.01.2026 - Area Bollenberger\" \/>\n<meta property=\"og:description\" content=\"Die Kombinationsm\u00f6glichkeit einer Geringf\u00fcgigen Besch\u00e4ftigung und Arbeitslosengeld\/ Notstandshilfe wird ab 1.1.2026 nur noch in Ausnahmef\u00e4llen m\u00f6glich sein.\" \/>\n<meta property=\"og:url\" content=\"https:\/\/area-bollenberger.at\/information-fuer-geringfuegige-beschaeftigung-mit-parallelem-arbeitslosenbezug-am-01-01-2026\/\" \/>\n<meta property=\"og:site_name\" content=\"Area Bollenberger\" \/>\n<meta property=\"article:publisher\" content=\"https:\/\/www.facebook.com\/Bollenberger.Bollenberger\/\" \/>\n<meta property=\"article:published_time\" content=\"2025-12-02T16:02:21+00:00\" \/>\n<meta property=\"og:image\" content=\"https:\/\/area-bollenberger.at\/wp-content\/uploads\/2025\/12\/Shutterstock_1019101486_660_318.jpg\" \/>\n\t<meta property=\"og:image:width\" content=\"660\" \/>\n\t<meta property=\"og:image:height\" content=\"318\" \/>\n\t<meta property=\"og:image:type\" content=\"image\/jpeg\" \/>\n<meta name=\"author\" content=\"Programmer\" \/>\n<meta name=\"twitter:card\" content=\"summary_large_image\" \/>\n<meta name=\"twitter:label1\" content=\"Written by\" \/>\n\t<meta name=\"twitter:data1\" content=\"Programmer\" \/>\n\t<meta name=\"twitter:label2\" content=\"Est. reading time\" \/>\n\t<meta name=\"twitter:data2\" content=\"1 minute\" \/>\n<script type=\"application\/ld+json\" class=\"yoast-schema-graph\">{\"@context\":\"https:\\\/\\\/schema.org\",\"@graph\":[{\"@type\":\"Article\",\"@id\":\"https:\\\/\\\/area-bollenberger.at\\\/information-fuer-geringfuegige-beschaeftigung-mit-parallelem-arbeitslosenbezug-am-01-01-2026\\\/#article\",\"isPartOf\":{\"@id\":\"https:\\\/\\\/area-bollenberger.at\\\/information-fuer-geringfuegige-beschaeftigung-mit-parallelem-arbeitslosenbezug-am-01-01-2026\\\/\"},\"author\":{\"name\":\"Programmer\",\"@id\":\"https:\\\/\\\/area-bollenberger.at\\\/#\\\/schema\\\/person\\\/20352707a97ff830a14845de19948b88\"},\"headline\":\"Information f\u00fcr geringf\u00fcgige Besch\u00e4ftigung mit parallelem Arbeitslosenbezug am 01.01.2026\",\"datePublished\":\"2025-12-02T16:02:21+00:00\",\"mainEntityOfPage\":{\"@id\":\"https:\\\/\\\/area-bollenberger.at\\\/information-fuer-geringfuegige-beschaeftigung-mit-parallelem-arbeitslosenbezug-am-01-01-2026\\\/\"},\"wordCount\":161,\"image\":{\"@id\":\"https:\\\/\\\/area-bollenberger.at\\\/information-fuer-geringfuegige-beschaeftigung-mit-parallelem-arbeitslosenbezug-am-01-01-2026\\\/#primaryimage\"},\"thumbnailUrl\":\"https:\\\/\\\/area-bollenberger.at\\\/wp-content\\\/uploads\\\/2025\\\/12\\\/Shutterstock_1019101486_660_318.jpg\",\"articleSection\":[\"Nicht kategorisiert\"],\"inLanguage\":\"en-US\"},{\"@type\":\"WebPage\",\"@id\":\"https:\\\/\\\/area-bollenberger.at\\\/information-fuer-geringfuegige-beschaeftigung-mit-parallelem-arbeitslosenbezug-am-01-01-2026\\\/\",\"url\":\"https:\\\/\\\/area-bollenberger.at\\\/information-fuer-geringfuegige-beschaeftigung-mit-parallelem-arbeitslosenbezug-am-01-01-2026\\\/\",\"name\":\"Information f\u00fcr geringf\u00fcgige Besch\u00e4ftigung mit parallelem Arbeitslosenbezug am 01.01.2026 - Area Bollenberger\",\"isPartOf\":{\"@id\":\"https:\\\/\\\/area-bollenberger.at\\\/#website\"},\"primaryImageOfPage\":{\"@id\":\"https:\\\/\\\/area-bollenberger.at\\\/information-fuer-geringfuegige-beschaeftigung-mit-parallelem-arbeitslosenbezug-am-01-01-2026\\\/#primaryimage\"},\"image\":{\"@id\":\"https:\\\/\\\/area-bollenberger.at\\\/information-fuer-geringfuegige-beschaeftigung-mit-parallelem-arbeitslosenbezug-am-01-01-2026\\\/#primaryimage\"},\"thumbnailUrl\":\"https:\\\/\\\/area-bollenberger.at\\\/wp-content\\\/uploads\\\/2025\\\/12\\\/Shutterstock_1019101486_660_318.jpg\",\"datePublished\":\"2025-12-02T16:02:21+00:00\",\"author\":{\"@id\":\"https:\\\/\\\/area-bollenberger.at\\\/#\\\/schema\\\/person\\\/20352707a97ff830a14845de19948b88\"},\"description\":\"Die Kombinationsm\u00f6glichkeit einer Geringf\u00fcgigen Besch\u00e4ftigung und Arbeitslosengeld\\\/ Notstandshilfe wird ab 1.1.2026 nur noch in Ausnahmef\u00e4llen m\u00f6glich sein.\",\"breadcrumb\":{\"@id\":\"https:\\\/\\\/area-bollenberger.at\\\/information-fuer-geringfuegige-beschaeftigung-mit-parallelem-arbeitslosenbezug-am-01-01-2026\\\/#breadcrumb\"},\"inLanguage\":\"en-US\",\"potentialAction\":[{\"@type\":\"ReadAction\",\"target\":[\"https:\\\/\\\/area-bollenberger.at\\\/information-fuer-geringfuegige-beschaeftigung-mit-parallelem-arbeitslosenbezug-am-01-01-2026\\\/\"]}]},{\"@type\":\"ImageObject\",\"inLanguage\":\"en-US\",\"@id\":\"https:\\\/\\\/area-bollenberger.at\\\/information-fuer-geringfuegige-beschaeftigung-mit-parallelem-arbeitslosenbezug-am-01-01-2026\\\/#primaryimage\",\"url\":\"https:\\\/\\\/area-bollenberger.at\\\/wp-content\\\/uploads\\\/2025\\\/12\\\/Shutterstock_1019101486_660_318.jpg\",\"contentUrl\":\"https:\\\/\\\/area-bollenberger.at\\\/wp-content\\\/uploads\\\/2025\\\/12\\\/Shutterstock_1019101486_660_318.jpg\",\"width\":660,\"height\":318},{\"@type\":\"BreadcrumbList\",\"@id\":\"https:\\\/\\\/area-bollenberger.at\\\/information-fuer-geringfuegige-beschaeftigung-mit-parallelem-arbeitslosenbezug-am-01-01-2026\\\/#breadcrumb\",\"itemListElement\":[{\"@type\":\"ListItem\",\"position\":1,\"name\":\"Start\",\"item\":\"https:\\\/\\\/area-bollenberger.at\\\/en\\\/\"},{\"@type\":\"ListItem\",\"position\":2,\"name\":\"Information f\u00fcr geringf\u00fcgige Besch\u00e4ftigung mit parallelem Arbeitslosenbezug am 01.01.2026\"}]},{\"@type\":\"WebSite\",\"@id\":\"https:\\\/\\\/area-bollenberger.at\\\/#website\",\"url\":\"https:\\\/\\\/area-bollenberger.at\\\/\",\"name\":\"Area Bollenberger\",\"description\":\"Ihr Steuerberater in Wiener Neustadt, Wien, Graz, Purkersdorf\",\"potentialAction\":[{\"@type\":\"SearchAction\",\"target\":{\"@type\":\"EntryPoint\",\"urlTemplate\":\"https:\\\/\\\/area-bollenberger.at\\\/?s={search_term_string}\"},\"query-input\":{\"@type\":\"PropertyValueSpecification\",\"valueRequired\":true,\"valueName\":\"search_term_string\"}}],\"inLanguage\":\"en-US\"},{\"@type\":\"Person\",\"@id\":\"https:\\\/\\\/area-bollenberger.at\\\/#\\\/schema\\\/person\\\/20352707a97ff830a14845de19948b88\",\"name\":\"Programmer\",\"image\":{\"@type\":\"ImageObject\",\"inLanguage\":\"en-US\",\"@id\":\"https:\\\/\\\/secure.gravatar.com\\\/avatar\\\/32a5fef8e085a355e1185a47fe3fab2c6e582bf7eefcf7bc8cefef9fff0682b4?s=96&d=mm&r=g\",\"url\":\"https:\\\/\\\/secure.gravatar.com\\\/avatar\\\/32a5fef8e085a355e1185a47fe3fab2c6e582bf7eefcf7bc8cefef9fff0682b4?s=96&d=mm&r=g\",\"contentUrl\":\"https:\\\/\\\/secure.gravatar.com\\\/avatar\\\/32a5fef8e085a355e1185a47fe3fab2c6e582bf7eefcf7bc8cefef9fff0682b4?s=96&d=mm&r=g\",\"caption\":\"Programmer\"},\"url\":\"https:\\\/\\\/area-bollenberger.at\\\/en\\\/author\\\/programmer\\\/\"}]}<\/script>\n<!-- \/ Yoast SEO plugin. -->","yoast_head_json":{"title":"Information f\u00fcr geringf\u00fcgige Besch\u00e4ftigung mit parallelem Arbeitslosenbezug am 01.01.2026 - Area Bollenberger","description":"Die Kombinationsm\u00f6glichkeit einer Geringf\u00fcgigen Besch\u00e4ftigung und Arbeitslosengeld\/ Notstandshilfe wird ab 1.1.2026 nur noch in Ausnahmef\u00e4llen m\u00f6glich sein.","robots":{"index":"index","follow":"follow","max-snippet":"max-snippet:-1","max-image-preview":"max-image-preview:large","max-video-preview":"max-video-preview:-1"},"canonical":"https:\/\/area-bollenberger.at\/information-fuer-geringfuegige-beschaeftigung-mit-parallelem-arbeitslosenbezug-am-01-01-2026\/","og_locale":"en_US","og_type":"article","og_title":"Information f\u00fcr geringf\u00fcgige Besch\u00e4ftigung mit parallelem Arbeitslosenbezug am 01.01.2026 - Area Bollenberger","og_description":"Die Kombinationsm\u00f6glichkeit einer Geringf\u00fcgigen Besch\u00e4ftigung und Arbeitslosengeld\/ Notstandshilfe wird ab 1.1.2026 nur noch in Ausnahmef\u00e4llen m\u00f6glich sein.","og_url":"https:\/\/area-bollenberger.at\/information-fuer-geringfuegige-beschaeftigung-mit-parallelem-arbeitslosenbezug-am-01-01-2026\/","og_site_name":"Area Bollenberger","article_publisher":"https:\/\/www.facebook.com\/Bollenberger.Bollenberger\/","article_published_time":"2025-12-02T16:02:21+00:00","og_image":[{"width":660,"height":318,"url":"https:\/\/area-bollenberger.at\/wp-content\/uploads\/2025\/12\/Shutterstock_1019101486_660_318.jpg","type":"image\/jpeg"}],"author":"Programmer","twitter_card":"summary_large_image","twitter_misc":{"Written by":"Programmer","Est. reading time":"1 minute"},"schema":{"@context":"https:\/\/schema.org","@graph":[{"@type":"Article","@id":"https:\/\/area-bollenberger.at\/information-fuer-geringfuegige-beschaeftigung-mit-parallelem-arbeitslosenbezug-am-01-01-2026\/#article","isPartOf":{"@id":"https:\/\/area-bollenberger.at\/information-fuer-geringfuegige-beschaeftigung-mit-parallelem-arbeitslosenbezug-am-01-01-2026\/"},"author":{"name":"Programmer","@id":"https:\/\/area-bollenberger.at\/#\/schema\/person\/20352707a97ff830a14845de19948b88"},"headline":"Information f\u00fcr geringf\u00fcgige Besch\u00e4ftigung mit parallelem Arbeitslosenbezug am 01.01.2026","datePublished":"2025-12-02T16:02:21+00:00","mainEntityOfPage":{"@id":"https:\/\/area-bollenberger.at\/information-fuer-geringfuegige-beschaeftigung-mit-parallelem-arbeitslosenbezug-am-01-01-2026\/"},"wordCount":161,"image":{"@id":"https:\/\/area-bollenberger.at\/information-fuer-geringfuegige-beschaeftigung-mit-parallelem-arbeitslosenbezug-am-01-01-2026\/#primaryimage"},"thumbnailUrl":"https:\/\/area-bollenberger.at\/wp-content\/uploads\/2025\/12\/Shutterstock_1019101486_660_318.jpg","articleSection":["Nicht kategorisiert"],"inLanguage":"en-US"},{"@type":"WebPage","@id":"https:\/\/area-bollenberger.at\/information-fuer-geringfuegige-beschaeftigung-mit-parallelem-arbeitslosenbezug-am-01-01-2026\/","url":"https:\/\/area-bollenberger.at\/information-fuer-geringfuegige-beschaeftigung-mit-parallelem-arbeitslosenbezug-am-01-01-2026\/","name":"Information f\u00fcr geringf\u00fcgige Besch\u00e4ftigung mit parallelem Arbeitslosenbezug am 01.01.2026 - Area Bollenberger","isPartOf":{"@id":"https:\/\/area-bollenberger.at\/#website"},"primaryImageOfPage":{"@id":"https:\/\/area-bollenberger.at\/information-fuer-geringfuegige-beschaeftigung-mit-parallelem-arbeitslosenbezug-am-01-01-2026\/#primaryimage"},"image":{"@id":"https:\/\/area-bollenberger.at\/information-fuer-geringfuegige-beschaeftigung-mit-parallelem-arbeitslosenbezug-am-01-01-2026\/#primaryimage"},"thumbnailUrl":"https:\/\/area-bollenberger.at\/wp-content\/uploads\/2025\/12\/Shutterstock_1019101486_660_318.jpg","datePublished":"2025-12-02T16:02:21+00:00","author":{"@id":"https:\/\/area-bollenberger.at\/#\/schema\/person\/20352707a97ff830a14845de19948b88"},"description":"Die Kombinationsm\u00f6glichkeit einer Geringf\u00fcgigen Besch\u00e4ftigung und Arbeitslosengeld\/ Notstandshilfe wird ab 1.1.2026 nur noch in Ausnahmef\u00e4llen m\u00f6glich sein.","breadcrumb":{"@id":"https:\/\/area-bollenberger.at\/information-fuer-geringfuegige-beschaeftigung-mit-parallelem-arbeitslosenbezug-am-01-01-2026\/#breadcrumb"},"inLanguage":"en-US","potentialAction":[{"@type":"ReadAction","target":["https:\/\/area-bollenberger.at\/information-fuer-geringfuegige-beschaeftigung-mit-parallelem-arbeitslosenbezug-am-01-01-2026\/"]}]},{"@type":"ImageObject","inLanguage":"en-US","@id":"https:\/\/area-bollenberger.at\/information-fuer-geringfuegige-beschaeftigung-mit-parallelem-arbeitslosenbezug-am-01-01-2026\/#primaryimage","url":"https:\/\/area-bollenberger.at\/wp-content\/uploads\/2025\/12\/Shutterstock_1019101486_660_318.jpg","contentUrl":"https:\/\/area-bollenberger.at\/wp-content\/uploads\/2025\/12\/Shutterstock_1019101486_660_318.jpg","width":660,"height":318},{"@type":"BreadcrumbList","@id":"https:\/\/area-bollenberger.at\/information-fuer-geringfuegige-beschaeftigung-mit-parallelem-arbeitslosenbezug-am-01-01-2026\/#breadcrumb","itemListElement":[{"@type":"ListItem","position":1,"name":"Start","item":"https:\/\/area-bollenberger.at\/en\/"},{"@type":"ListItem","position":2,"name":"Information f\u00fcr geringf\u00fcgige Besch\u00e4ftigung mit parallelem Arbeitslosenbezug am 01.01.2026"}]},{"@type":"WebSite","@id":"https:\/\/area-bollenberger.at\/#website","url":"https:\/\/area-bollenberger.at\/","name":"Area Bollenberger","description":"Ihr Steuerberater in Wiener Neustadt, Wien, Graz, Purkersdorf","potentialAction":[{"@type":"SearchAction","target":{"@type":"EntryPoint","urlTemplate":"https:\/\/area-bollenberger.at\/?s={search_term_string}"},"query-input":{"@type":"PropertyValueSpecification","valueRequired":true,"valueName":"search_term_string"}}],"inLanguage":"en-US"},{"@type":"Person","@id":"https:\/\/area-bollenberger.at\/#\/schema\/person\/20352707a97ff830a14845de19948b88","name":"Programmer","image":{"@type":"ImageObject","inLanguage":"en-US","@id":"https:\/\/secure.gravatar.com\/avatar\/32a5fef8e085a355e1185a47fe3fab2c6e582bf7eefcf7bc8cefef9fff0682b4?s=96&d=mm&r=g","url":"https:\/\/secure.gravatar.com\/avatar\/32a5fef8e085a355e1185a47fe3fab2c6e582bf7eefcf7bc8cefef9fff0682b4?s=96&d=mm&r=g","contentUrl":"https:\/\/secure.gravatar.com\/avatar\/32a5fef8e085a355e1185a47fe3fab2c6e582bf7eefcf7bc8cefef9fff0682b4?s=96&d=mm&r=g","caption":"Programmer"},"url":"https:\/\/area-bollenberger.at\/en\/author\/programmer\/"}]}},"_links":{"self":[{"href":"https:\/\/area-bollenberger.at\/en\/wp-json\/wp\/v2\/posts\/7528","targetHints":{"allow":["GET"]}}],"collection":[{"href":"https:\/\/area-bollenberger.at\/en\/wp-json\/wp\/v2\/posts"}],"about":[{"href":"https:\/\/area-bollenberger.at\/en\/wp-json\/wp\/v2\/types\/post"}],"author":[{"embeddable":true,"href":"https:\/\/area-bollenberger.at\/en\/wp-json\/wp\/v2\/users\/6"}],"replies":[{"embeddable":true,"href":"https:\/\/area-bollenberger.at\/en\/wp-json\/wp\/v2\/comments?post=7528"}],"version-history":[{"count":1,"href":"https:\/\/area-bollenberger.at\/en\/wp-json\/wp\/v2\/posts\/7528\/revisions"}],"predecessor-version":[{"id":7531,"href":"https:\/\/area-bollenberger.at\/en\/wp-json\/wp\/v2\/posts\/7528\/revisions\/7531"}],"wp:featuredmedia":[{"embeddable":true,"href":"https:\/\/area-bollenberger.at\/en\/wp-json\/wp\/v2\/media\/7529"}],"wp:attachment":[{"href":"https:\/\/area-bollenberger.at\/en\/wp-json\/wp\/v2\/media?parent=7528"}],"wp:term":[{"taxonomy":"category","embeddable":true,"href":"https:\/\/area-bollenberger.at\/en\/wp-json\/wp\/v2\/categories?post=7528"},{"taxonomy":"post_tag","embeddable":true,"href":"https:\/\/area-bollenberger.at\/en\/wp-json\/wp\/v2\/tags?post=7528"}],"curies":[{"name":"wp","href":"https:\/\/api.w.org\/{rel}","templated":true}]}}