{"id":7333,"date":"2025-09-09T18:28:16","date_gmt":"2025-09-09T16:28:16","guid":{"rendered":"https:\/\/area-bollenberger.at\/?p=7333"},"modified":"2025-09-15T14:44:44","modified_gmt":"2025-09-15T12:44:44","slug":"uebermittlung-von-jahresabschluessen-beim-firmenbuch","status":"publish","type":"post","link":"https:\/\/area-bollenberger.at\/en\/uebermittlung-von-jahresabschluessen-beim-firmenbuch\/","title":{"rendered":"\u00dcbermittlung von Jahresabschl\u00fcssen beim Firmenbuch"},"content":{"rendered":"<p><em>Durch eine \u00c4nderung der Verordnung \u00fcber den elektronischen Rechtsverkehr kommt es zu Anpassungen der Formvorschriften f\u00fcr die Einreichung der Abschl\u00fcsse.<\/em><\/p>\n<p>Die Einreichung der Jahresabschl\u00fcsse erfolgt bereits seit Juli 2022 in strukturierter elektronischer Form als XML-Datei, bislang im Wege von FinanzOnline. Mit der Verordnungsnovelle, die am 1.3.2025 in Kraft getreten ist, wird FinanzOnline ab 1.1.2026 als \u00dcbermittlungsweg abgeschafft.<\/p>\n<p>Ab dann stehen folgende Einreichwege zur Verf\u00fcgung:<\/p>\n<p>1. f\u00fcr Kleinstkapitalgesellschaften und kleine Kapitalgesellschaften: Formular auf <a href=\"https:\/\/justizonline.gv.at\/\">justizonline.gv.at<\/a> zur direkten, h\u00e4ndischen Eingabe<br \/>\n2. XML-Datei \u00fcber eine ERV-\u00dcbermittlungsstelle oder \u00fcber ein Online-Formular auf <a href=\"https:\/\/justizonline.gv.at\/\">justizonline.gv.at<\/a><\/p>\n<p>Andererseits gilt seit 1.3.2025 verpflichtend die neue Datei-Struktur \u201eJAb 4.0\u201c (bisher JAb 3.32). Jahresabschl\u00fcsse zum 31.12.2024 d\u00fcrfen noch unter Anwendung der Struktur JAb 3.32 offengelegt werden.<br \/>\nSoweit eine \u00dcbermittlung in strukturierter elektronischer Form nicht m\u00f6glich ist, k\u00f6nnen die Unterlagen ausnahmsweise auch als PDF-Anhang eingebracht werden, wobei der Grund der Unm\u00f6glichkeit anl\u00e4sslich der Einreichung bekannt zu geben ist.<\/p>\n<p><strong>Strafen bei Vers\u00e4umnissen<\/strong><br \/>\nDie rechtzeitige Offenlegung ist gesetzlich verpflichtend. Wird die neunmonatige Frist ab Bilanzstichtag \u00fcberschritten, ist mit Zwangsstrafen in H\u00f6he von EUR 700,00 bis EUR 3.600,00 (bei Kleinstkapitalgesellschaften EUR 350,00 bis EUR 1.800,00) zu rechnen. Dies gilt sowohl f\u00fcr die Gesellschaft selbst als auch f\u00fcr die einzelnen Gesch\u00e4ftsf\u00fchrungs- und Vorstandsmitglieder.<br \/>\nBeispielsweise w\u00fcrde einer Gesellschaft mit zwei Gesch\u00e4ftsf\u00fchrern eine Zwangsstrafe von mindestens 3 x EUR 700,00 =<br \/>\nEUR 2.100,00 vorgeschrieben. Bei anhaltender S\u00e4umnis erh\u00f6ht sich die Strafe nach zwei Monaten teilweise auf das Dreifache (bei mittelgro\u00dfen Gesellschaften) oder sogar auf das Sechsfache (bei gro\u00dfen Gesellschaften).<\/p>\n<p><strong>Verpflichtung zur Einreichung<\/strong><\/p>\n<p>Kapitalgesellschaften sind dazu verpflichtet, ihre Jahresabschl\u00fcsse sp\u00e4testens neun Monate nach dem Bilanzstichtag beim zust\u00e4ndigen Firmenbuchgericht elektronisch einzureichen. Demnach sind Jahresabschl\u00fcsse zum 31.12.2024 bis sp\u00e4testens 30.9.2025 entsprechend offenzulegen. Die Offenlegungspflicht betrifft s\u00e4mtliche Kapitalgesellschaften, darunter auch sogenannte \u201ekapitalistische Personengesellschaften\u201c wie die GmbH &amp; Co KG, bei der kein unbeschr\u00e4nkt haftender Gesellschafter eine nat\u00fcrliche Person ist.<br \/>\nJe nach Gr\u00f6\u00dfe der Gesellschaft unterscheiden sich Umfang und Inhalt der einzureichenden Unterlagen, beispielsweise muss eine Kleinstkapitalgesellschaft nur ihre Bilanz ohne Anhang offenlegen. Auch Zweigniederlassungen ausl\u00e4ndischer Kapitalgesellschaften in \u00d6sterreich sind zur Offenlegung verpflichtet.<\/p>\n<p>Fazit:<\/p>\n<p>Da die Vorgaben f\u00fcr die elektronische Offenlegung von Firmenbuch-Jahresabschl\u00fcssen immer komplexer werden, sich die Strafen bei S\u00e4umnis aber durchaus summieren k\u00f6nnen, empfehlen wir eine entsprechend fr\u00fchzeitige Beratung sowie die Durchf\u00fchrung der \u00dcbermittlung von Jahresabschl\u00fcssen an das Firmenbuch durch unsere Mitarbeiter.<\/p>\n","protected":false},"excerpt":{"rendered":"<p>Durch eine \u00c4nderung der Verordnung \u00fcber den elektronischen Rechtsverkehr kommt es zu Anpassungen der Formvorschriften f\u00fcr die Einreichung der Abschl\u00fcsse. Die Einreichung der Jahresabschl\u00fcsse erfolgt bereits seit Juli 2022 in strukturierter elektronischer Form als XML-Datei, bislang im Wege von FinanzOnline. Mit der Verordnungsnovelle, die am 1.3.2025 in Kraft getreten ist, wird FinanzOnline ab 1.1.2026 als [&hellip;]<\/p>\n","protected":false},"author":6,"featured_media":7334,"comment_status":"closed","ping_status":"closed","sticky":false,"template":"","format":"standard","meta":{"inline_featured_image":false,"footnotes":""},"categories":[1],"tags":[],"class_list":["post-7333","post","type-post","status-publish","format-standard","has-post-thumbnail","hentry","category-nicht-kategorisiert"],"yoast_head":"<!-- This site is optimized with the Yoast SEO plugin v27.4 - https:\/\/yoast.com\/product\/yoast-seo-wordpress\/ -->\n<title>\u00dcbermittlung von Jahresabschl\u00fcssen beim Firmenbuch<\/title>\n<meta name=\"description\" content=\"Durch eine \u00c4nderung der Verordnung \u00fcber den elektronischen Rechtsverkehr kommt es zu Anpassungen der Formvorschriften f\u00fcr die Einreichung der Abschl\u00fcsse.\" \/>\n<meta name=\"robots\" content=\"index, follow, max-snippet:-1, max-image-preview:large, max-video-preview:-1\" \/>\n<link rel=\"canonical\" href=\"https:\/\/area-bollenberger.at\/uebermittlung-von-jahresabschluessen-beim-firmenbuch\/\" \/>\n<meta property=\"og:locale\" content=\"en_US\" \/>\n<meta property=\"og:type\" content=\"article\" \/>\n<meta property=\"og:title\" content=\"\u00dcbermittlung von Jahresabschl\u00fcssen beim Firmenbuch\" \/>\n<meta property=\"og:description\" content=\"Durch eine \u00c4nderung der Verordnung \u00fcber den elektronischen Rechtsverkehr kommt es zu Anpassungen der Formvorschriften f\u00fcr die Einreichung der Abschl\u00fcsse.\" \/>\n<meta property=\"og:url\" content=\"https:\/\/area-bollenberger.at\/uebermittlung-von-jahresabschluessen-beim-firmenbuch\/\" \/>\n<meta property=\"og:site_name\" content=\"Area Bollenberger\" \/>\n<meta property=\"article:publisher\" content=\"https:\/\/www.facebook.com\/Bollenberger.Bollenberger\/\" \/>\n<meta property=\"article:published_time\" content=\"2025-09-09T16:28:16+00:00\" \/>\n<meta property=\"article:modified_time\" content=\"2025-09-15T12:44:44+00:00\" \/>\n<meta property=\"og:image\" content=\"https:\/\/area-bollenberger.at\/wp-content\/uploads\/2025\/09\/UeBERMITTLUNG-VON-JAHRESABSCHLUeSSEN-BEIM-FIRMENBUCH660-\u00d7-318.jpg\" \/>\n\t<meta property=\"og:image:width\" content=\"660\" \/>\n\t<meta property=\"og:image:height\" content=\"318\" \/>\n\t<meta property=\"og:image:type\" content=\"image\/jpeg\" \/>\n<meta name=\"author\" content=\"Programmer\" \/>\n<meta name=\"twitter:card\" content=\"summary_large_image\" \/>\n<meta name=\"twitter:label1\" content=\"Written by\" \/>\n\t<meta name=\"twitter:data1\" content=\"Programmer\" \/>\n\t<meta name=\"twitter:label2\" content=\"Est. reading time\" \/>\n\t<meta name=\"twitter:data2\" content=\"3 minutes\" \/>\n<script type=\"application\/ld+json\" class=\"yoast-schema-graph\">{\"@context\":\"https:\\\/\\\/schema.org\",\"@graph\":[{\"@type\":\"Article\",\"@id\":\"https:\\\/\\\/area-bollenberger.at\\\/uebermittlung-von-jahresabschluessen-beim-firmenbuch\\\/#article\",\"isPartOf\":{\"@id\":\"https:\\\/\\\/area-bollenberger.at\\\/uebermittlung-von-jahresabschluessen-beim-firmenbuch\\\/\"},\"author\":{\"name\":\"Programmer\",\"@id\":\"https:\\\/\\\/area-bollenberger.at\\\/#\\\/schema\\\/person\\\/20352707a97ff830a14845de19948b88\"},\"headline\":\"\u00dcbermittlung von Jahresabschl\u00fcssen beim Firmenbuch\",\"datePublished\":\"2025-09-09T16:28:16+00:00\",\"dateModified\":\"2025-09-15T12:44:44+00:00\",\"mainEntityOfPage\":{\"@id\":\"https:\\\/\\\/area-bollenberger.at\\\/uebermittlung-von-jahresabschluessen-beim-firmenbuch\\\/\"},\"wordCount\":403,\"image\":{\"@id\":\"https:\\\/\\\/area-bollenberger.at\\\/uebermittlung-von-jahresabschluessen-beim-firmenbuch\\\/#primaryimage\"},\"thumbnailUrl\":\"https:\\\/\\\/area-bollenberger.at\\\/wp-content\\\/uploads\\\/2025\\\/09\\\/UeBERMITTLUNG-VON-JAHRESABSCHLUeSSEN-BEIM-FIRMENBUCH660-\u00d7-318.jpg\",\"articleSection\":[\"Nicht kategorisiert\"],\"inLanguage\":\"en-US\"},{\"@type\":\"WebPage\",\"@id\":\"https:\\\/\\\/area-bollenberger.at\\\/uebermittlung-von-jahresabschluessen-beim-firmenbuch\\\/\",\"url\":\"https:\\\/\\\/area-bollenberger.at\\\/uebermittlung-von-jahresabschluessen-beim-firmenbuch\\\/\",\"name\":\"\u00dcbermittlung von Jahresabschl\u00fcssen beim Firmenbuch\",\"isPartOf\":{\"@id\":\"https:\\\/\\\/area-bollenberger.at\\\/#website\"},\"primaryImageOfPage\":{\"@id\":\"https:\\\/\\\/area-bollenberger.at\\\/uebermittlung-von-jahresabschluessen-beim-firmenbuch\\\/#primaryimage\"},\"image\":{\"@id\":\"https:\\\/\\\/area-bollenberger.at\\\/uebermittlung-von-jahresabschluessen-beim-firmenbuch\\\/#primaryimage\"},\"thumbnailUrl\":\"https:\\\/\\\/area-bollenberger.at\\\/wp-content\\\/uploads\\\/2025\\\/09\\\/UeBERMITTLUNG-VON-JAHRESABSCHLUeSSEN-BEIM-FIRMENBUCH660-\u00d7-318.jpg\",\"datePublished\":\"2025-09-09T16:28:16+00:00\",\"dateModified\":\"2025-09-15T12:44:44+00:00\",\"author\":{\"@id\":\"https:\\\/\\\/area-bollenberger.at\\\/#\\\/schema\\\/person\\\/20352707a97ff830a14845de19948b88\"},\"description\":\"Durch eine \u00c4nderung der Verordnung \u00fcber den elektronischen Rechtsverkehr kommt es zu Anpassungen der Formvorschriften f\u00fcr die Einreichung der Abschl\u00fcsse.\",\"breadcrumb\":{\"@id\":\"https:\\\/\\\/area-bollenberger.at\\\/uebermittlung-von-jahresabschluessen-beim-firmenbuch\\\/#breadcrumb\"},\"inLanguage\":\"en-US\",\"potentialAction\":[{\"@type\":\"ReadAction\",\"target\":[\"https:\\\/\\\/area-bollenberger.at\\\/uebermittlung-von-jahresabschluessen-beim-firmenbuch\\\/\"]}]},{\"@type\":\"ImageObject\",\"inLanguage\":\"en-US\",\"@id\":\"https:\\\/\\\/area-bollenberger.at\\\/uebermittlung-von-jahresabschluessen-beim-firmenbuch\\\/#primaryimage\",\"url\":\"https:\\\/\\\/area-bollenberger.at\\\/wp-content\\\/uploads\\\/2025\\\/09\\\/UeBERMITTLUNG-VON-JAHRESABSCHLUeSSEN-BEIM-FIRMENBUCH660-\u00d7-318.jpg\",\"contentUrl\":\"https:\\\/\\\/area-bollenberger.at\\\/wp-content\\\/uploads\\\/2025\\\/09\\\/UeBERMITTLUNG-VON-JAHRESABSCHLUeSSEN-BEIM-FIRMENBUCH660-\u00d7-318.jpg\",\"width\":660,\"height\":318},{\"@type\":\"BreadcrumbList\",\"@id\":\"https:\\\/\\\/area-bollenberger.at\\\/uebermittlung-von-jahresabschluessen-beim-firmenbuch\\\/#breadcrumb\",\"itemListElement\":[{\"@type\":\"ListItem\",\"position\":1,\"name\":\"Start\",\"item\":\"https:\\\/\\\/area-bollenberger.at\\\/en\\\/\"},{\"@type\":\"ListItem\",\"position\":2,\"name\":\"\u00dcbermittlung von Jahresabschl\u00fcssen beim Firmenbuch\"}]},{\"@type\":\"WebSite\",\"@id\":\"https:\\\/\\\/area-bollenberger.at\\\/#website\",\"url\":\"https:\\\/\\\/area-bollenberger.at\\\/\",\"name\":\"Area Bollenberger\",\"description\":\"Ihr Steuerberater in Wiener Neustadt, Wien, Graz, Purkersdorf\",\"potentialAction\":[{\"@type\":\"SearchAction\",\"target\":{\"@type\":\"EntryPoint\",\"urlTemplate\":\"https:\\\/\\\/area-bollenberger.at\\\/?s={search_term_string}\"},\"query-input\":{\"@type\":\"PropertyValueSpecification\",\"valueRequired\":true,\"valueName\":\"search_term_string\"}}],\"inLanguage\":\"en-US\"},{\"@type\":\"Person\",\"@id\":\"https:\\\/\\\/area-bollenberger.at\\\/#\\\/schema\\\/person\\\/20352707a97ff830a14845de19948b88\",\"name\":\"Programmer\",\"image\":{\"@type\":\"ImageObject\",\"inLanguage\":\"en-US\",\"@id\":\"https:\\\/\\\/secure.gravatar.com\\\/avatar\\\/32a5fef8e085a355e1185a47fe3fab2c6e582bf7eefcf7bc8cefef9fff0682b4?s=96&d=mm&r=g\",\"url\":\"https:\\\/\\\/secure.gravatar.com\\\/avatar\\\/32a5fef8e085a355e1185a47fe3fab2c6e582bf7eefcf7bc8cefef9fff0682b4?s=96&d=mm&r=g\",\"contentUrl\":\"https:\\\/\\\/secure.gravatar.com\\\/avatar\\\/32a5fef8e085a355e1185a47fe3fab2c6e582bf7eefcf7bc8cefef9fff0682b4?s=96&d=mm&r=g\",\"caption\":\"Programmer\"},\"url\":\"https:\\\/\\\/area-bollenberger.at\\\/en\\\/author\\\/programmer\\\/\"}]}<\/script>\n<!-- \/ Yoast SEO plugin. -->","yoast_head_json":{"title":"\u00dcbermittlung von Jahresabschl\u00fcssen beim Firmenbuch","description":"Durch eine \u00c4nderung der Verordnung \u00fcber den elektronischen Rechtsverkehr kommt es zu Anpassungen der Formvorschriften f\u00fcr die Einreichung der Abschl\u00fcsse.","robots":{"index":"index","follow":"follow","max-snippet":"max-snippet:-1","max-image-preview":"max-image-preview:large","max-video-preview":"max-video-preview:-1"},"canonical":"https:\/\/area-bollenberger.at\/uebermittlung-von-jahresabschluessen-beim-firmenbuch\/","og_locale":"en_US","og_type":"article","og_title":"\u00dcbermittlung von Jahresabschl\u00fcssen beim Firmenbuch","og_description":"Durch eine \u00c4nderung der Verordnung \u00fcber den elektronischen Rechtsverkehr kommt es zu Anpassungen der Formvorschriften f\u00fcr die Einreichung der Abschl\u00fcsse.","og_url":"https:\/\/area-bollenberger.at\/uebermittlung-von-jahresabschluessen-beim-firmenbuch\/","og_site_name":"Area Bollenberger","article_publisher":"https:\/\/www.facebook.com\/Bollenberger.Bollenberger\/","article_published_time":"2025-09-09T16:28:16+00:00","article_modified_time":"2025-09-15T12:44:44+00:00","og_image":[{"width":660,"height":318,"url":"https:\/\/area-bollenberger.at\/wp-content\/uploads\/2025\/09\/UeBERMITTLUNG-VON-JAHRESABSCHLUeSSEN-BEIM-FIRMENBUCH660-\u00d7-318.jpg","type":"image\/jpeg"}],"author":"Programmer","twitter_card":"summary_large_image","twitter_misc":{"Written by":"Programmer","Est. reading time":"3 minutes"},"schema":{"@context":"https:\/\/schema.org","@graph":[{"@type":"Article","@id":"https:\/\/area-bollenberger.at\/uebermittlung-von-jahresabschluessen-beim-firmenbuch\/#article","isPartOf":{"@id":"https:\/\/area-bollenberger.at\/uebermittlung-von-jahresabschluessen-beim-firmenbuch\/"},"author":{"name":"Programmer","@id":"https:\/\/area-bollenberger.at\/#\/schema\/person\/20352707a97ff830a14845de19948b88"},"headline":"\u00dcbermittlung von Jahresabschl\u00fcssen beim Firmenbuch","datePublished":"2025-09-09T16:28:16+00:00","dateModified":"2025-09-15T12:44:44+00:00","mainEntityOfPage":{"@id":"https:\/\/area-bollenberger.at\/uebermittlung-von-jahresabschluessen-beim-firmenbuch\/"},"wordCount":403,"image":{"@id":"https:\/\/area-bollenberger.at\/uebermittlung-von-jahresabschluessen-beim-firmenbuch\/#primaryimage"},"thumbnailUrl":"https:\/\/area-bollenberger.at\/wp-content\/uploads\/2025\/09\/UeBERMITTLUNG-VON-JAHRESABSCHLUeSSEN-BEIM-FIRMENBUCH660-\u00d7-318.jpg","articleSection":["Nicht kategorisiert"],"inLanguage":"en-US"},{"@type":"WebPage","@id":"https:\/\/area-bollenberger.at\/uebermittlung-von-jahresabschluessen-beim-firmenbuch\/","url":"https:\/\/area-bollenberger.at\/uebermittlung-von-jahresabschluessen-beim-firmenbuch\/","name":"\u00dcbermittlung von Jahresabschl\u00fcssen beim Firmenbuch","isPartOf":{"@id":"https:\/\/area-bollenberger.at\/#website"},"primaryImageOfPage":{"@id":"https:\/\/area-bollenberger.at\/uebermittlung-von-jahresabschluessen-beim-firmenbuch\/#primaryimage"},"image":{"@id":"https:\/\/area-bollenberger.at\/uebermittlung-von-jahresabschluessen-beim-firmenbuch\/#primaryimage"},"thumbnailUrl":"https:\/\/area-bollenberger.at\/wp-content\/uploads\/2025\/09\/UeBERMITTLUNG-VON-JAHRESABSCHLUeSSEN-BEIM-FIRMENBUCH660-\u00d7-318.jpg","datePublished":"2025-09-09T16:28:16+00:00","dateModified":"2025-09-15T12:44:44+00:00","author":{"@id":"https:\/\/area-bollenberger.at\/#\/schema\/person\/20352707a97ff830a14845de19948b88"},"description":"Durch eine \u00c4nderung der Verordnung \u00fcber den elektronischen Rechtsverkehr kommt es zu Anpassungen der Formvorschriften f\u00fcr die Einreichung der Abschl\u00fcsse.","breadcrumb":{"@id":"https:\/\/area-bollenberger.at\/uebermittlung-von-jahresabschluessen-beim-firmenbuch\/#breadcrumb"},"inLanguage":"en-US","potentialAction":[{"@type":"ReadAction","target":["https:\/\/area-bollenberger.at\/uebermittlung-von-jahresabschluessen-beim-firmenbuch\/"]}]},{"@type":"ImageObject","inLanguage":"en-US","@id":"https:\/\/area-bollenberger.at\/uebermittlung-von-jahresabschluessen-beim-firmenbuch\/#primaryimage","url":"https:\/\/area-bollenberger.at\/wp-content\/uploads\/2025\/09\/UeBERMITTLUNG-VON-JAHRESABSCHLUeSSEN-BEIM-FIRMENBUCH660-\u00d7-318.jpg","contentUrl":"https:\/\/area-bollenberger.at\/wp-content\/uploads\/2025\/09\/UeBERMITTLUNG-VON-JAHRESABSCHLUeSSEN-BEIM-FIRMENBUCH660-\u00d7-318.jpg","width":660,"height":318},{"@type":"BreadcrumbList","@id":"https:\/\/area-bollenberger.at\/uebermittlung-von-jahresabschluessen-beim-firmenbuch\/#breadcrumb","itemListElement":[{"@type":"ListItem","position":1,"name":"Start","item":"https:\/\/area-bollenberger.at\/en\/"},{"@type":"ListItem","position":2,"name":"\u00dcbermittlung von Jahresabschl\u00fcssen beim Firmenbuch"}]},{"@type":"WebSite","@id":"https:\/\/area-bollenberger.at\/#website","url":"https:\/\/area-bollenberger.at\/","name":"Area Bollenberger","description":"Ihr Steuerberater in Wiener Neustadt, Wien, Graz, Purkersdorf","potentialAction":[{"@type":"SearchAction","target":{"@type":"EntryPoint","urlTemplate":"https:\/\/area-bollenberger.at\/?s={search_term_string}"},"query-input":{"@type":"PropertyValueSpecification","valueRequired":true,"valueName":"search_term_string"}}],"inLanguage":"en-US"},{"@type":"Person","@id":"https:\/\/area-bollenberger.at\/#\/schema\/person\/20352707a97ff830a14845de19948b88","name":"Programmer","image":{"@type":"ImageObject","inLanguage":"en-US","@id":"https:\/\/secure.gravatar.com\/avatar\/32a5fef8e085a355e1185a47fe3fab2c6e582bf7eefcf7bc8cefef9fff0682b4?s=96&d=mm&r=g","url":"https:\/\/secure.gravatar.com\/avatar\/32a5fef8e085a355e1185a47fe3fab2c6e582bf7eefcf7bc8cefef9fff0682b4?s=96&d=mm&r=g","contentUrl":"https:\/\/secure.gravatar.com\/avatar\/32a5fef8e085a355e1185a47fe3fab2c6e582bf7eefcf7bc8cefef9fff0682b4?s=96&d=mm&r=g","caption":"Programmer"},"url":"https:\/\/area-bollenberger.at\/en\/author\/programmer\/"}]}},"_links":{"self":[{"href":"https:\/\/area-bollenberger.at\/en\/wp-json\/wp\/v2\/posts\/7333","targetHints":{"allow":["GET"]}}],"collection":[{"href":"https:\/\/area-bollenberger.at\/en\/wp-json\/wp\/v2\/posts"}],"about":[{"href":"https:\/\/area-bollenberger.at\/en\/wp-json\/wp\/v2\/types\/post"}],"author":[{"embeddable":true,"href":"https:\/\/area-bollenberger.at\/en\/wp-json\/wp\/v2\/users\/6"}],"replies":[{"embeddable":true,"href":"https:\/\/area-bollenberger.at\/en\/wp-json\/wp\/v2\/comments?post=7333"}],"version-history":[{"count":3,"href":"https:\/\/area-bollenberger.at\/en\/wp-json\/wp\/v2\/posts\/7333\/revisions"}],"predecessor-version":[{"id":7350,"href":"https:\/\/area-bollenberger.at\/en\/wp-json\/wp\/v2\/posts\/7333\/revisions\/7350"}],"wp:featuredmedia":[{"embeddable":true,"href":"https:\/\/area-bollenberger.at\/en\/wp-json\/wp\/v2\/media\/7334"}],"wp:attachment":[{"href":"https:\/\/area-bollenberger.at\/en\/wp-json\/wp\/v2\/media?parent=7333"}],"wp:term":[{"taxonomy":"category","embeddable":true,"href":"https:\/\/area-bollenberger.at\/en\/wp-json\/wp\/v2\/categories?post=7333"},{"taxonomy":"post_tag","embeddable":true,"href":"https:\/\/area-bollenberger.at\/en\/wp-json\/wp\/v2\/tags?post=7333"}],"curies":[{"name":"wp","href":"https:\/\/api.w.org\/{rel}","templated":true}]}}