{"id":6147,"date":"2025-02-14T08:42:48","date_gmt":"2025-02-14T08:42:48","guid":{"rendered":"https:\/\/area-bollenberger.at\/?p=6147"},"modified":"2025-08-03T21:03:41","modified_gmt":"2025-08-03T19:03:41","slug":"neuigkeiten-in-der-lohnverrechnung-2025","status":"publish","type":"post","link":"https:\/\/area-bollenberger.at\/en\/neuigkeiten-in-der-lohnverrechnung-2025\/","title":{"rendered":"Neuigkeiten in der Lohnverrechnung 2025"},"content":{"rendered":"\n<p>Mit Beginn des Jahres 2025 sind Anpassungen beim Fahrtkostenersatz, beim Kilometergeld und bei den Regelungen f\u00fcr arbeitsplatznahe Kleindienstwohnungen in Kraft getreten.<\/p>\n\n\n\n<p><strong>Fahrtkostenersatzverordnung<\/strong><\/p>\n\n\n\n<p>Die neue Fahrtkostenersatzverordnung erm\u00f6glicht es Arbeitgebern, die Fahrtkosten f\u00fcr Dienstreisen eines Arbeitnehmers nicht nur in H\u00f6he des tats\u00e4chlichen Fahrscheinpreises zu ersetzen, sondern alternativ auch durch<\/p>\n\n\n\n<p><strong>\u2022<\/strong> einen pauschalen Bef\u00f6rderungszuschuss, bei dem f\u00fcr die ersten 50 km EUR 0,50 pro Kilometer, f\u00fcr die n\u00e4chsten 250 km EUR 0,20 pro Kilometer und f\u00fcr dar\u00fcberhinausgehende Kilometer EUR 0,10 pro Kilometer gew\u00e4hrt werden,<\/p>\n\n\n\n<p><strong>\u2022<\/strong> oder einen Ersatz der fiktiven Kosten f\u00fcr das g\u00fcnstigste \u00f6ffentliche Verkehrsmittel, beispielsweise ein \u00d6BB-Ticket 2. Klasse.<\/p>\n\n\n\n<p>F\u00fcr beide Alternativen gilt ein steuerfreier H\u00f6chstbetrag von EUR 2.450,00 pro Kalenderjahr. Diese Regelungen f\u00fcr beruflich veranlasste Reisen sind nicht nur laufend in der Personalverrechnung, sondern auch im Rahmen der Arbeitnehmerveranlagung des Arbeitnehmers anwendbar.<\/p>\n\n\n\n<p><strong>Kilometergeldverordnung<\/strong><\/p>\n\n\n\n<p>Die neue Kilometergeldverordnung betrifft die Geltendmachung von Werbungskosten in der Arbeitnehmerveranlagung sowie Betriebsausgaben f\u00fcr Selbst\u00e4ndige. Die festgelegten Kilometers\u00e4tze sind ident mit jenen Betr\u00e4gen, die ab 1.1.2025 auch in der Personalverrechnung f\u00fcr die maximale Steuerbefreiung ma\u00dfgeblich sind, n\u00e4mlich EUR 0,50 pro Kilometer f\u00fcr bis zu maximal 30.000 km im Kalenderjahr.<\/p>\n\n\n\n<p><strong>Sachbezugswerteverordnung<\/strong><\/p>\n\n\n\n<p>Durch eine Novelle der Sachbezugswerteverordnung kommt es zu Erleichterungen bei der abgabenrechtlichen Beg\u00fcnstigung von kleinen arbeitsplatznahen Dienstwohnungen, die vom Arbeitgeber zur Verf\u00fcgung gestellt werden:<\/p>\n\n\n\n<p><strong>\u2022<\/strong> Der Grenzwert f\u00fcr eine sachbezugsbefreite Wohnung wird von 30 m\u00b2 auf 35 m\u00b2 erh\u00f6ht.<\/p>\n\n\n\n<p><strong>\u2022<\/strong> Die Gr\u00f6\u00dfe der Wohnung, f\u00fcr die ein 35%-Abschlag vom Sachbezugswert m\u00f6glich ist, wird von 40 m\u00b2 auf 45 m\u00b2 erh\u00f6ht, wenn die arbeitsplatznahe Unterkunft durchgehend maximal zw\u00f6lf Monate vom selben Arbeitgeber zur Verf\u00fcgung gestellt wird.<\/p>\n\n\n\n<p>Zudem sind bei Dienstwohnungen, die von mehreren Arbeitnehmern gemeinsam genutzt werden, die Gemeinschaftsr\u00e4ume zur Beurteilung der genannten Quadratmetergrenzen k\u00fcnftig nicht mehr jedem Arbeitnehmer voll, sondern nur noch anteilig zuzurechnen.<\/p>\n\n\n\n<p><strong>Hinweis:<\/strong><br>Diese Anpassungen in der Lohnverrechnung traten mit 1.1.2025 in Kraft und erfordern eine sorgf\u00e4ltige Umsetzung durch Arbeitgeber und Personalverantwortliche. Es empfiehlt sich, die internen Prozesse entsprechend anzupassen und die Mitarbeiter \u00fcber die neuen Regelungen zu informieren, um eine korrekte und effiziente Abwicklung sicherzustellen.<\/p>\n","protected":false},"excerpt":{"rendered":"<p>Mit Beginn des Jahres 2025 sind Anpassungen beim Fahrtkostenersatz, beim Kilometergeld und bei den Regelungen f\u00fcr arbeitsplatznahe Kleindienstwohnungen in Kraft getreten. Fahrtkostenersatzverordnung Die neue Fahrtkostenersatzverordnung erm\u00f6glicht es Arbeitgebern, die Fahrtkosten f\u00fcr Dienstreisen eines Arbeitnehmers nicht nur in H\u00f6he des tats\u00e4chlichen Fahrscheinpreises zu ersetzen, sondern alternativ auch durch \u2022 einen pauschalen Bef\u00f6rderungszuschuss, bei dem f\u00fcr die [&hellip;]<\/p>\n","protected":false},"author":6,"featured_media":6333,"comment_status":"closed","ping_status":"open","sticky":false,"template":"","format":"standard","meta":{"inline_featured_image":false,"footnotes":""},"categories":[14],"tags":[],"class_list":["post-6147","post","type-post","status-publish","format-standard","has-post-thumbnail","hentry","category-unkategorisiert"],"yoast_head":"<!-- This site is optimized with the Yoast SEO plugin v27.4 - https:\/\/yoast.com\/product\/yoast-seo-wordpress\/ -->\n<title>Neuigkeiten in der Lohnverrechnung 2025<\/title>\n<meta name=\"description\" content=\"Mit Beginn des Jahres 2025 sind Anpassungen beim Fahrtkostenersatz, beim Kilometergeld und bei den Regelungen f\u00fcr arbeitsplatznahe Kleindienstwohnungen in Kraft getreten.\" \/>\n<meta name=\"robots\" content=\"index, follow, max-snippet:-1, max-image-preview:large, max-video-preview:-1\" \/>\n<link rel=\"canonical\" href=\"https:\/\/area-bollenberger.at\/neuigkeiten-in-der-lohnverrechnung-2025\/\" \/>\n<meta property=\"og:locale\" content=\"en_US\" \/>\n<meta property=\"og:type\" content=\"article\" \/>\n<meta property=\"og:title\" content=\"Neuigkeiten in der Lohnverrechnung 2025\" \/>\n<meta property=\"og:description\" content=\"Mit Beginn des Jahres 2025 sind Anpassungen beim Fahrtkostenersatz, beim Kilometergeld und bei den Regelungen f\u00fcr arbeitsplatznahe Kleindienstwohnungen in Kraft getreten.\" \/>\n<meta property=\"og:url\" content=\"https:\/\/area-bollenberger.at\/neuigkeiten-in-der-lohnverrechnung-2025\/\" \/>\n<meta property=\"og:site_name\" content=\"Area Bollenberger\" \/>\n<meta property=\"article:publisher\" content=\"https:\/\/www.facebook.com\/Bollenberger.Bollenberger\/\" \/>\n<meta property=\"article:published_time\" content=\"2025-02-14T08:42:48+00:00\" \/>\n<meta property=\"article:modified_time\" content=\"2025-08-03T19:03:41+00:00\" \/>\n<meta property=\"og:image\" content=\"https:\/\/area-bollenberger.at\/wp-content\/uploads\/2025\/02\/Neuigkeiten-in-der-Lohnverrechnung-2025_web-1.jpg\" \/>\n\t<meta property=\"og:image:width\" content=\"660\" \/>\n\t<meta property=\"og:image:height\" content=\"318\" \/>\n\t<meta property=\"og:image:type\" content=\"image\/jpeg\" \/>\n<meta name=\"author\" content=\"Programmer\" \/>\n<meta name=\"twitter:card\" content=\"summary_large_image\" \/>\n<meta name=\"twitter:label1\" content=\"Written by\" \/>\n\t<meta name=\"twitter:data1\" content=\"Programmer\" \/>\n\t<meta name=\"twitter:label2\" content=\"Est. reading time\" \/>\n\t<meta name=\"twitter:data2\" content=\"2 minutes\" \/>\n<script type=\"application\/ld+json\" class=\"yoast-schema-graph\">{\"@context\":\"https:\\\/\\\/schema.org\",\"@graph\":[{\"@type\":\"Article\",\"@id\":\"https:\\\/\\\/area-bollenberger.at\\\/neuigkeiten-in-der-lohnverrechnung-2025\\\/#article\",\"isPartOf\":{\"@id\":\"https:\\\/\\\/area-bollenberger.at\\\/neuigkeiten-in-der-lohnverrechnung-2025\\\/\"},\"author\":{\"name\":\"Programmer\",\"@id\":\"https:\\\/\\\/area-bollenberger.at\\\/#\\\/schema\\\/person\\\/20352707a97ff830a14845de19948b88\"},\"headline\":\"Neuigkeiten in der Lohnverrechnung 2025\",\"datePublished\":\"2025-02-14T08:42:48+00:00\",\"dateModified\":\"2025-08-03T19:03:41+00:00\",\"mainEntityOfPage\":{\"@id\":\"https:\\\/\\\/area-bollenberger.at\\\/neuigkeiten-in-der-lohnverrechnung-2025\\\/\"},\"wordCount\":353,\"image\":{\"@id\":\"https:\\\/\\\/area-bollenberger.at\\\/neuigkeiten-in-der-lohnverrechnung-2025\\\/#primaryimage\"},\"thumbnailUrl\":\"https:\\\/\\\/area-bollenberger.at\\\/wp-content\\\/uploads\\\/2025\\\/02\\\/Neuigkeiten-in-der-Lohnverrechnung-2025_web-1.jpg\",\"articleSection\":[\"Unkategorisiert\"],\"inLanguage\":\"en-US\"},{\"@type\":\"WebPage\",\"@id\":\"https:\\\/\\\/area-bollenberger.at\\\/neuigkeiten-in-der-lohnverrechnung-2025\\\/\",\"url\":\"https:\\\/\\\/area-bollenberger.at\\\/neuigkeiten-in-der-lohnverrechnung-2025\\\/\",\"name\":\"Neuigkeiten in der Lohnverrechnung 2025\",\"isPartOf\":{\"@id\":\"https:\\\/\\\/area-bollenberger.at\\\/#website\"},\"primaryImageOfPage\":{\"@id\":\"https:\\\/\\\/area-bollenberger.at\\\/neuigkeiten-in-der-lohnverrechnung-2025\\\/#primaryimage\"},\"image\":{\"@id\":\"https:\\\/\\\/area-bollenberger.at\\\/neuigkeiten-in-der-lohnverrechnung-2025\\\/#primaryimage\"},\"thumbnailUrl\":\"https:\\\/\\\/area-bollenberger.at\\\/wp-content\\\/uploads\\\/2025\\\/02\\\/Neuigkeiten-in-der-Lohnverrechnung-2025_web-1.jpg\",\"datePublished\":\"2025-02-14T08:42:48+00:00\",\"dateModified\":\"2025-08-03T19:03:41+00:00\",\"author\":{\"@id\":\"https:\\\/\\\/area-bollenberger.at\\\/#\\\/schema\\\/person\\\/20352707a97ff830a14845de19948b88\"},\"description\":\"Mit Beginn des Jahres 2025 sind Anpassungen beim Fahrtkostenersatz, beim Kilometergeld und bei den Regelungen f\u00fcr arbeitsplatznahe Kleindienstwohnungen in Kraft getreten.\",\"breadcrumb\":{\"@id\":\"https:\\\/\\\/area-bollenberger.at\\\/neuigkeiten-in-der-lohnverrechnung-2025\\\/#breadcrumb\"},\"inLanguage\":\"en-US\",\"potentialAction\":[{\"@type\":\"ReadAction\",\"target\":[\"https:\\\/\\\/area-bollenberger.at\\\/neuigkeiten-in-der-lohnverrechnung-2025\\\/\"]}]},{\"@type\":\"ImageObject\",\"inLanguage\":\"en-US\",\"@id\":\"https:\\\/\\\/area-bollenberger.at\\\/neuigkeiten-in-der-lohnverrechnung-2025\\\/#primaryimage\",\"url\":\"https:\\\/\\\/area-bollenberger.at\\\/wp-content\\\/uploads\\\/2025\\\/02\\\/Neuigkeiten-in-der-Lohnverrechnung-2025_web-1.jpg\",\"contentUrl\":\"https:\\\/\\\/area-bollenberger.at\\\/wp-content\\\/uploads\\\/2025\\\/02\\\/Neuigkeiten-in-der-Lohnverrechnung-2025_web-1.jpg\",\"width\":660,\"height\":318},{\"@type\":\"BreadcrumbList\",\"@id\":\"https:\\\/\\\/area-bollenberger.at\\\/neuigkeiten-in-der-lohnverrechnung-2025\\\/#breadcrumb\",\"itemListElement\":[{\"@type\":\"ListItem\",\"position\":1,\"name\":\"Start\",\"item\":\"https:\\\/\\\/area-bollenberger.at\\\/en\\\/\"},{\"@type\":\"ListItem\",\"position\":2,\"name\":\"Neuigkeiten in der Lohnverrechnung 2025\"}]},{\"@type\":\"WebSite\",\"@id\":\"https:\\\/\\\/area-bollenberger.at\\\/#website\",\"url\":\"https:\\\/\\\/area-bollenberger.at\\\/\",\"name\":\"Area Bollenberger\",\"description\":\"Ihr Steuerberater in Wiener Neustadt, Wien, Graz, Purkersdorf\",\"potentialAction\":[{\"@type\":\"SearchAction\",\"target\":{\"@type\":\"EntryPoint\",\"urlTemplate\":\"https:\\\/\\\/area-bollenberger.at\\\/?s={search_term_string}\"},\"query-input\":{\"@type\":\"PropertyValueSpecification\",\"valueRequired\":true,\"valueName\":\"search_term_string\"}}],\"inLanguage\":\"en-US\"},{\"@type\":\"Person\",\"@id\":\"https:\\\/\\\/area-bollenberger.at\\\/#\\\/schema\\\/person\\\/20352707a97ff830a14845de19948b88\",\"name\":\"Programmer\",\"image\":{\"@type\":\"ImageObject\",\"inLanguage\":\"en-US\",\"@id\":\"https:\\\/\\\/secure.gravatar.com\\\/avatar\\\/32a5fef8e085a355e1185a47fe3fab2c6e582bf7eefcf7bc8cefef9fff0682b4?s=96&d=mm&r=g\",\"url\":\"https:\\\/\\\/secure.gravatar.com\\\/avatar\\\/32a5fef8e085a355e1185a47fe3fab2c6e582bf7eefcf7bc8cefef9fff0682b4?s=96&d=mm&r=g\",\"contentUrl\":\"https:\\\/\\\/secure.gravatar.com\\\/avatar\\\/32a5fef8e085a355e1185a47fe3fab2c6e582bf7eefcf7bc8cefef9fff0682b4?s=96&d=mm&r=g\",\"caption\":\"Programmer\"},\"url\":\"https:\\\/\\\/area-bollenberger.at\\\/en\\\/author\\\/programmer\\\/\"}]}<\/script>\n<!-- \/ Yoast SEO plugin. -->","yoast_head_json":{"title":"Neuigkeiten in der Lohnverrechnung 2025","description":"Mit Beginn des Jahres 2025 sind Anpassungen beim Fahrtkostenersatz, beim Kilometergeld und bei den Regelungen f\u00fcr arbeitsplatznahe Kleindienstwohnungen in Kraft getreten.","robots":{"index":"index","follow":"follow","max-snippet":"max-snippet:-1","max-image-preview":"max-image-preview:large","max-video-preview":"max-video-preview:-1"},"canonical":"https:\/\/area-bollenberger.at\/neuigkeiten-in-der-lohnverrechnung-2025\/","og_locale":"en_US","og_type":"article","og_title":"Neuigkeiten in der Lohnverrechnung 2025","og_description":"Mit Beginn des Jahres 2025 sind Anpassungen beim Fahrtkostenersatz, beim Kilometergeld und bei den Regelungen f\u00fcr arbeitsplatznahe Kleindienstwohnungen in Kraft getreten.","og_url":"https:\/\/area-bollenberger.at\/neuigkeiten-in-der-lohnverrechnung-2025\/","og_site_name":"Area Bollenberger","article_publisher":"https:\/\/www.facebook.com\/Bollenberger.Bollenberger\/","article_published_time":"2025-02-14T08:42:48+00:00","article_modified_time":"2025-08-03T19:03:41+00:00","og_image":[{"width":660,"height":318,"url":"https:\/\/area-bollenberger.at\/wp-content\/uploads\/2025\/02\/Neuigkeiten-in-der-Lohnverrechnung-2025_web-1.jpg","type":"image\/jpeg"}],"author":"Programmer","twitter_card":"summary_large_image","twitter_misc":{"Written by":"Programmer","Est. reading time":"2 minutes"},"schema":{"@context":"https:\/\/schema.org","@graph":[{"@type":"Article","@id":"https:\/\/area-bollenberger.at\/neuigkeiten-in-der-lohnverrechnung-2025\/#article","isPartOf":{"@id":"https:\/\/area-bollenberger.at\/neuigkeiten-in-der-lohnverrechnung-2025\/"},"author":{"name":"Programmer","@id":"https:\/\/area-bollenberger.at\/#\/schema\/person\/20352707a97ff830a14845de19948b88"},"headline":"Neuigkeiten in der Lohnverrechnung 2025","datePublished":"2025-02-14T08:42:48+00:00","dateModified":"2025-08-03T19:03:41+00:00","mainEntityOfPage":{"@id":"https:\/\/area-bollenberger.at\/neuigkeiten-in-der-lohnverrechnung-2025\/"},"wordCount":353,"image":{"@id":"https:\/\/area-bollenberger.at\/neuigkeiten-in-der-lohnverrechnung-2025\/#primaryimage"},"thumbnailUrl":"https:\/\/area-bollenberger.at\/wp-content\/uploads\/2025\/02\/Neuigkeiten-in-der-Lohnverrechnung-2025_web-1.jpg","articleSection":["Unkategorisiert"],"inLanguage":"en-US"},{"@type":"WebPage","@id":"https:\/\/area-bollenberger.at\/neuigkeiten-in-der-lohnverrechnung-2025\/","url":"https:\/\/area-bollenberger.at\/neuigkeiten-in-der-lohnverrechnung-2025\/","name":"Neuigkeiten in der Lohnverrechnung 2025","isPartOf":{"@id":"https:\/\/area-bollenberger.at\/#website"},"primaryImageOfPage":{"@id":"https:\/\/area-bollenberger.at\/neuigkeiten-in-der-lohnverrechnung-2025\/#primaryimage"},"image":{"@id":"https:\/\/area-bollenberger.at\/neuigkeiten-in-der-lohnverrechnung-2025\/#primaryimage"},"thumbnailUrl":"https:\/\/area-bollenberger.at\/wp-content\/uploads\/2025\/02\/Neuigkeiten-in-der-Lohnverrechnung-2025_web-1.jpg","datePublished":"2025-02-14T08:42:48+00:00","dateModified":"2025-08-03T19:03:41+00:00","author":{"@id":"https:\/\/area-bollenberger.at\/#\/schema\/person\/20352707a97ff830a14845de19948b88"},"description":"Mit Beginn des Jahres 2025 sind Anpassungen beim Fahrtkostenersatz, beim Kilometergeld und bei den Regelungen f\u00fcr arbeitsplatznahe Kleindienstwohnungen in Kraft getreten.","breadcrumb":{"@id":"https:\/\/area-bollenberger.at\/neuigkeiten-in-der-lohnverrechnung-2025\/#breadcrumb"},"inLanguage":"en-US","potentialAction":[{"@type":"ReadAction","target":["https:\/\/area-bollenberger.at\/neuigkeiten-in-der-lohnverrechnung-2025\/"]}]},{"@type":"ImageObject","inLanguage":"en-US","@id":"https:\/\/area-bollenberger.at\/neuigkeiten-in-der-lohnverrechnung-2025\/#primaryimage","url":"https:\/\/area-bollenberger.at\/wp-content\/uploads\/2025\/02\/Neuigkeiten-in-der-Lohnverrechnung-2025_web-1.jpg","contentUrl":"https:\/\/area-bollenberger.at\/wp-content\/uploads\/2025\/02\/Neuigkeiten-in-der-Lohnverrechnung-2025_web-1.jpg","width":660,"height":318},{"@type":"BreadcrumbList","@id":"https:\/\/area-bollenberger.at\/neuigkeiten-in-der-lohnverrechnung-2025\/#breadcrumb","itemListElement":[{"@type":"ListItem","position":1,"name":"Start","item":"https:\/\/area-bollenberger.at\/en\/"},{"@type":"ListItem","position":2,"name":"Neuigkeiten in der Lohnverrechnung 2025"}]},{"@type":"WebSite","@id":"https:\/\/area-bollenberger.at\/#website","url":"https:\/\/area-bollenberger.at\/","name":"Area Bollenberger","description":"Ihr Steuerberater in Wiener Neustadt, Wien, Graz, Purkersdorf","potentialAction":[{"@type":"SearchAction","target":{"@type":"EntryPoint","urlTemplate":"https:\/\/area-bollenberger.at\/?s={search_term_string}"},"query-input":{"@type":"PropertyValueSpecification","valueRequired":true,"valueName":"search_term_string"}}],"inLanguage":"en-US"},{"@type":"Person","@id":"https:\/\/area-bollenberger.at\/#\/schema\/person\/20352707a97ff830a14845de19948b88","name":"Programmer","image":{"@type":"ImageObject","inLanguage":"en-US","@id":"https:\/\/secure.gravatar.com\/avatar\/32a5fef8e085a355e1185a47fe3fab2c6e582bf7eefcf7bc8cefef9fff0682b4?s=96&d=mm&r=g","url":"https:\/\/secure.gravatar.com\/avatar\/32a5fef8e085a355e1185a47fe3fab2c6e582bf7eefcf7bc8cefef9fff0682b4?s=96&d=mm&r=g","contentUrl":"https:\/\/secure.gravatar.com\/avatar\/32a5fef8e085a355e1185a47fe3fab2c6e582bf7eefcf7bc8cefef9fff0682b4?s=96&d=mm&r=g","caption":"Programmer"},"url":"https:\/\/area-bollenberger.at\/en\/author\/programmer\/"}]}},"_links":{"self":[{"href":"https:\/\/area-bollenberger.at\/en\/wp-json\/wp\/v2\/posts\/6147","targetHints":{"allow":["GET"]}}],"collection":[{"href":"https:\/\/area-bollenberger.at\/en\/wp-json\/wp\/v2\/posts"}],"about":[{"href":"https:\/\/area-bollenberger.at\/en\/wp-json\/wp\/v2\/types\/post"}],"author":[{"embeddable":true,"href":"https:\/\/area-bollenberger.at\/en\/wp-json\/wp\/v2\/users\/6"}],"replies":[{"embeddable":true,"href":"https:\/\/area-bollenberger.at\/en\/wp-json\/wp\/v2\/comments?post=6147"}],"version-history":[{"count":1,"href":"https:\/\/area-bollenberger.at\/en\/wp-json\/wp\/v2\/posts\/6147\/revisions"}],"predecessor-version":[{"id":6937,"href":"https:\/\/area-bollenberger.at\/en\/wp-json\/wp\/v2\/posts\/6147\/revisions\/6937"}],"wp:featuredmedia":[{"embeddable":true,"href":"https:\/\/area-bollenberger.at\/en\/wp-json\/wp\/v2\/media\/6333"}],"wp:attachment":[{"href":"https:\/\/area-bollenberger.at\/en\/wp-json\/wp\/v2\/media?parent=6147"}],"wp:term":[{"taxonomy":"category","embeddable":true,"href":"https:\/\/area-bollenberger.at\/en\/wp-json\/wp\/v2\/categories?post=6147"},{"taxonomy":"post_tag","embeddable":true,"href":"https:\/\/area-bollenberger.at\/en\/wp-json\/wp\/v2\/tags?post=6147"}],"curies":[{"name":"wp","href":"https:\/\/api.w.org\/{rel}","templated":true}]}}