{"id":6131,"date":"2025-01-14T12:29:10","date_gmt":"2025-01-14T12:29:10","guid":{"rendered":"https:\/\/area-bollenberger.at\/?p=6131"},"modified":"2025-08-03T21:03:42","modified_gmt":"2025-08-03T19:03:42","slug":"negative-kapitaleinkuenfte-im-ausserbetrieblichen-bereich-weder-ausgleichs-noch-vortragsfaehig","status":"publish","type":"post","link":"https:\/\/area-bollenberger.at\/en\/negative-kapitaleinkuenfte-im-ausserbetrieblichen-bereich-weder-ausgleichs-noch-vortragsfaehig\/","title":{"rendered":"Negative Kapitaleink\u00fcnfte im au\u00dferbetrieblichen Bereich weder ausgleichs- noch vortragsf\u00e4hig"},"content":{"rendered":"\n<p>Verluste aus privaten Investitionen, wie den Verkauf von Aktien, k\u00f6nnen nicht mit anderen Eink\u00fcnften verrechnet werden. Negative Kapitaleink\u00fcnfte im au\u00dferbetrieblichen Bereich sind somit weder ausgleich- noch vortragsf\u00e4hig. Das hat das Bundesfinanzgericht (BFG) in einer aktuellen Entscheidung klargestellt.<\/p>\n\n\n\n<p>Im konkreten Fall erzielte eine Steuerpflichtige in einem Jahr sowohl Eink\u00fcnfte aus selbst\u00e4ndiger und nichtselbst\u00e4ndiger Arbeit als auch hohe Verluste aus Kapitalverm\u00f6gen. Sie beantragte daher die Regelbesteuerung ihrer Eink\u00fcnfte aus Kapitalverm\u00f6gen, um die Verluste mit ihren positiven Eink\u00fcnften zu verrechnen oder zumindest auf die kommenden Jahre vorzutragen. Zudem wollte sie die Verluste als au\u00dfergew\u00f6hnliche Belastung geltend machen, da sie durch Bilanzf\u00e4lschungen eines Unternehmens verursacht worden seien.<\/p>\n\n\n\n<p><strong>Entscheidung des BFG<\/strong><\/p>\n\n\n\n<p>Das BFG wies ihre Antr\u00e4ge jedoch zur\u00fcck und erkl\u00e4rte, dass Verluste aus Kapitalverm\u00f6gen im Privatbereich nicht mit Eink\u00fcnften aus anderen Quellen \u2013 etwa Eink\u00fcnften aus selbst\u00e4ndiger oder nichtselbst\u00e4ndiger Arbeit \u2013 ausgeglichen werden k\u00f6nnen. Verluste k\u00f6nnen lediglich mit anderen positiven Eink\u00fcnften aus Kapitalverm\u00f6gen im selben Jahr verrechnet werden.<\/p>\n\n\n\n<p>Dar\u00fcber hinaus wurde entschieden, dass ein Verlustvortrag \u2013 also die \u00dcbertragung von Verlusten in zuk\u00fcnftige Jahre \u2013 nicht m\u00f6glich ist, da diese Eink\u00fcnfte durch den besonderen Steuersatz bereits in einem angepassten System der Verlustber\u00fccksichtigung erfasst werden. Auch der Versuch, die Verluste als au\u00dfergew\u00f6hnliche Belastung geltend zu machen, scheiterte. Das BFG wies darauf hin, dass es f\u00fcr die steuerliche Anerkennung als au\u00dfergew\u00f6hnliche Belastung an der Zwangsl\u00e4ufigkeit fehle und es nicht dem Sinn der au\u00dfergew\u00f6hnlichen Belastung entspreche, solche Verluste auf die Allgemeinheit abzuw\u00e4lzen.<\/p>\n\n\n\n<p><strong>Fazit:<\/strong><br>Zusammengefasst bedeutet dies, dass negative Kapitaleink\u00fcnfte aus privaten Investments nicht mit anderen Eink\u00fcnften verrechnet, nicht vorgetragen und auch nicht als au\u00dfergew\u00f6hnliche Belastung anerkannt werden k\u00f6nnen.<\/p>\n","protected":false},"excerpt":{"rendered":"<p>Verluste aus privaten Investitionen, wie den Verkauf von Aktien, k\u00f6nnen nicht mit anderen Eink\u00fcnften verrechnet werden. Negative Kapitaleink\u00fcnfte im au\u00dferbetrieblichen Bereich sind somit weder ausgleich- noch vortragsf\u00e4hig. Das hat das Bundesfinanzgericht (BFG) in einer aktuellen Entscheidung klargestellt. Im konkreten Fall erzielte eine Steuerpflichtige in einem Jahr sowohl Eink\u00fcnfte aus selbst\u00e4ndiger und nichtselbst\u00e4ndiger Arbeit als auch [&hellip;]<\/p>\n","protected":false},"author":6,"featured_media":6325,"comment_status":"closed","ping_status":"open","sticky":false,"template":"","format":"standard","meta":{"inline_featured_image":false,"footnotes":""},"categories":[14],"tags":[],"class_list":["post-6131","post","type-post","status-publish","format-standard","has-post-thumbnail","hentry","category-unkategorisiert"],"yoast_head":"<!-- This site is optimized with the Yoast SEO plugin v27.4 - https:\/\/yoast.com\/product\/yoast-seo-wordpress\/ -->\n<title>Negative Kapitaleink\u00fcnfte im au\u00dferbetrieblichen Bereich weder ausgleichs- noch vortragsf\u00e4hig<\/title>\n<meta name=\"description\" content=\"Negative Kapitaleink\u00fcnfte im au\u00dferbetrieblichen Bereich sind somit weder ausgleich- noch vortragsf\u00e4hig.\" \/>\n<meta name=\"robots\" content=\"index, follow, max-snippet:-1, max-image-preview:large, max-video-preview:-1\" \/>\n<link rel=\"canonical\" href=\"https:\/\/area-bollenberger.at\/negative-kapitaleinkuenfte-im-ausserbetrieblichen-bereich-weder-ausgleichs-noch-vortragsfaehig\/\" \/>\n<meta property=\"og:locale\" content=\"en_US\" \/>\n<meta property=\"og:type\" content=\"article\" \/>\n<meta property=\"og:title\" content=\"Negative Kapitaleink\u00fcnfte im au\u00dferbetrieblichen Bereich weder ausgleichs- noch vortragsf\u00e4hig\" \/>\n<meta property=\"og:description\" content=\"Negative Kapitaleink\u00fcnfte im au\u00dferbetrieblichen Bereich sind somit weder ausgleich- noch vortragsf\u00e4hig.\" \/>\n<meta property=\"og:url\" content=\"https:\/\/area-bollenberger.at\/negative-kapitaleinkuenfte-im-ausserbetrieblichen-bereich-weder-ausgleichs-noch-vortragsfaehig\/\" \/>\n<meta property=\"og:site_name\" content=\"Area Bollenberger\" \/>\n<meta property=\"article:publisher\" content=\"https:\/\/www.facebook.com\/Bollenberger.Bollenberger\/\" \/>\n<meta property=\"article:published_time\" content=\"2025-01-14T12:29:10+00:00\" \/>\n<meta property=\"article:modified_time\" content=\"2025-08-03T19:03:42+00:00\" \/>\n<meta property=\"og:image\" content=\"https:\/\/area-bollenberger.at\/wp-content\/uploads\/2025\/01\/Negative-Kapitaleinkunfte-im-auserbetrieblichen-Bereich-weder-ausgleichsnoch-vortragsfahig_web-1.jpg\" \/>\n\t<meta property=\"og:image:width\" content=\"660\" \/>\n\t<meta property=\"og:image:height\" content=\"318\" \/>\n\t<meta property=\"og:image:type\" content=\"image\/jpeg\" \/>\n<meta name=\"author\" content=\"Programmer\" \/>\n<meta name=\"twitter:card\" content=\"summary_large_image\" \/>\n<meta name=\"twitter:label1\" content=\"Written by\" \/>\n\t<meta name=\"twitter:data1\" content=\"Programmer\" \/>\n\t<meta name=\"twitter:label2\" content=\"Est. reading time\" \/>\n\t<meta name=\"twitter:data2\" content=\"2 minutes\" \/>\n<script type=\"application\/ld+json\" class=\"yoast-schema-graph\">{\"@context\":\"https:\\\/\\\/schema.org\",\"@graph\":[{\"@type\":\"Article\",\"@id\":\"https:\\\/\\\/area-bollenberger.at\\\/negative-kapitaleinkuenfte-im-ausserbetrieblichen-bereich-weder-ausgleichs-noch-vortragsfaehig\\\/#article\",\"isPartOf\":{\"@id\":\"https:\\\/\\\/area-bollenberger.at\\\/negative-kapitaleinkuenfte-im-ausserbetrieblichen-bereich-weder-ausgleichs-noch-vortragsfaehig\\\/\"},\"author\":{\"name\":\"Programmer\",\"@id\":\"https:\\\/\\\/area-bollenberger.at\\\/#\\\/schema\\\/person\\\/20352707a97ff830a14845de19948b88\"},\"headline\":\"Negative Kapitaleink\u00fcnfte im au\u00dferbetrieblichen Bereich weder ausgleichs- noch vortragsf\u00e4hig\",\"datePublished\":\"2025-01-14T12:29:10+00:00\",\"dateModified\":\"2025-08-03T19:03:42+00:00\",\"mainEntityOfPage\":{\"@id\":\"https:\\\/\\\/area-bollenberger.at\\\/negative-kapitaleinkuenfte-im-ausserbetrieblichen-bereich-weder-ausgleichs-noch-vortragsfaehig\\\/\"},\"wordCount\":314,\"image\":{\"@id\":\"https:\\\/\\\/area-bollenberger.at\\\/negative-kapitaleinkuenfte-im-ausserbetrieblichen-bereich-weder-ausgleichs-noch-vortragsfaehig\\\/#primaryimage\"},\"thumbnailUrl\":\"https:\\\/\\\/area-bollenberger.at\\\/wp-content\\\/uploads\\\/2025\\\/01\\\/Negative-Kapitaleinkunfte-im-auserbetrieblichen-Bereich-weder-ausgleichsnoch-vortragsfahig_web-1.jpg\",\"articleSection\":[\"Unkategorisiert\"],\"inLanguage\":\"en-US\"},{\"@type\":\"WebPage\",\"@id\":\"https:\\\/\\\/area-bollenberger.at\\\/negative-kapitaleinkuenfte-im-ausserbetrieblichen-bereich-weder-ausgleichs-noch-vortragsfaehig\\\/\",\"url\":\"https:\\\/\\\/area-bollenberger.at\\\/negative-kapitaleinkuenfte-im-ausserbetrieblichen-bereich-weder-ausgleichs-noch-vortragsfaehig\\\/\",\"name\":\"Negative Kapitaleink\u00fcnfte im au\u00dferbetrieblichen Bereich weder ausgleichs- noch vortragsf\u00e4hig\",\"isPartOf\":{\"@id\":\"https:\\\/\\\/area-bollenberger.at\\\/#website\"},\"primaryImageOfPage\":{\"@id\":\"https:\\\/\\\/area-bollenberger.at\\\/negative-kapitaleinkuenfte-im-ausserbetrieblichen-bereich-weder-ausgleichs-noch-vortragsfaehig\\\/#primaryimage\"},\"image\":{\"@id\":\"https:\\\/\\\/area-bollenberger.at\\\/negative-kapitaleinkuenfte-im-ausserbetrieblichen-bereich-weder-ausgleichs-noch-vortragsfaehig\\\/#primaryimage\"},\"thumbnailUrl\":\"https:\\\/\\\/area-bollenberger.at\\\/wp-content\\\/uploads\\\/2025\\\/01\\\/Negative-Kapitaleinkunfte-im-auserbetrieblichen-Bereich-weder-ausgleichsnoch-vortragsfahig_web-1.jpg\",\"datePublished\":\"2025-01-14T12:29:10+00:00\",\"dateModified\":\"2025-08-03T19:03:42+00:00\",\"author\":{\"@id\":\"https:\\\/\\\/area-bollenberger.at\\\/#\\\/schema\\\/person\\\/20352707a97ff830a14845de19948b88\"},\"description\":\"Negative Kapitaleink\u00fcnfte im au\u00dferbetrieblichen Bereich sind somit weder ausgleich- noch vortragsf\u00e4hig.\",\"breadcrumb\":{\"@id\":\"https:\\\/\\\/area-bollenberger.at\\\/negative-kapitaleinkuenfte-im-ausserbetrieblichen-bereich-weder-ausgleichs-noch-vortragsfaehig\\\/#breadcrumb\"},\"inLanguage\":\"en-US\",\"potentialAction\":[{\"@type\":\"ReadAction\",\"target\":[\"https:\\\/\\\/area-bollenberger.at\\\/negative-kapitaleinkuenfte-im-ausserbetrieblichen-bereich-weder-ausgleichs-noch-vortragsfaehig\\\/\"]}]},{\"@type\":\"ImageObject\",\"inLanguage\":\"en-US\",\"@id\":\"https:\\\/\\\/area-bollenberger.at\\\/negative-kapitaleinkuenfte-im-ausserbetrieblichen-bereich-weder-ausgleichs-noch-vortragsfaehig\\\/#primaryimage\",\"url\":\"https:\\\/\\\/area-bollenberger.at\\\/wp-content\\\/uploads\\\/2025\\\/01\\\/Negative-Kapitaleinkunfte-im-auserbetrieblichen-Bereich-weder-ausgleichsnoch-vortragsfahig_web-1.jpg\",\"contentUrl\":\"https:\\\/\\\/area-bollenberger.at\\\/wp-content\\\/uploads\\\/2025\\\/01\\\/Negative-Kapitaleinkunfte-im-auserbetrieblichen-Bereich-weder-ausgleichsnoch-vortragsfahig_web-1.jpg\",\"width\":660,\"height\":318},{\"@type\":\"BreadcrumbList\",\"@id\":\"https:\\\/\\\/area-bollenberger.at\\\/negative-kapitaleinkuenfte-im-ausserbetrieblichen-bereich-weder-ausgleichs-noch-vortragsfaehig\\\/#breadcrumb\",\"itemListElement\":[{\"@type\":\"ListItem\",\"position\":1,\"name\":\"Start\",\"item\":\"https:\\\/\\\/area-bollenberger.at\\\/en\\\/\"},{\"@type\":\"ListItem\",\"position\":2,\"name\":\"Negative Kapitaleink\u00fcnfte im au\u00dferbetrieblichen Bereich weder ausgleichs- noch vortragsf\u00e4hig\"}]},{\"@type\":\"WebSite\",\"@id\":\"https:\\\/\\\/area-bollenberger.at\\\/#website\",\"url\":\"https:\\\/\\\/area-bollenberger.at\\\/\",\"name\":\"Area Bollenberger\",\"description\":\"Ihr Steuerberater in Wiener Neustadt, Wien, Graz, Purkersdorf\",\"potentialAction\":[{\"@type\":\"SearchAction\",\"target\":{\"@type\":\"EntryPoint\",\"urlTemplate\":\"https:\\\/\\\/area-bollenberger.at\\\/?s={search_term_string}\"},\"query-input\":{\"@type\":\"PropertyValueSpecification\",\"valueRequired\":true,\"valueName\":\"search_term_string\"}}],\"inLanguage\":\"en-US\"},{\"@type\":\"Person\",\"@id\":\"https:\\\/\\\/area-bollenberger.at\\\/#\\\/schema\\\/person\\\/20352707a97ff830a14845de19948b88\",\"name\":\"Programmer\",\"image\":{\"@type\":\"ImageObject\",\"inLanguage\":\"en-US\",\"@id\":\"https:\\\/\\\/secure.gravatar.com\\\/avatar\\\/32a5fef8e085a355e1185a47fe3fab2c6e582bf7eefcf7bc8cefef9fff0682b4?s=96&d=mm&r=g\",\"url\":\"https:\\\/\\\/secure.gravatar.com\\\/avatar\\\/32a5fef8e085a355e1185a47fe3fab2c6e582bf7eefcf7bc8cefef9fff0682b4?s=96&d=mm&r=g\",\"contentUrl\":\"https:\\\/\\\/secure.gravatar.com\\\/avatar\\\/32a5fef8e085a355e1185a47fe3fab2c6e582bf7eefcf7bc8cefef9fff0682b4?s=96&d=mm&r=g\",\"caption\":\"Programmer\"},\"url\":\"https:\\\/\\\/area-bollenberger.at\\\/en\\\/author\\\/programmer\\\/\"}]}<\/script>\n<!-- \/ Yoast SEO plugin. -->","yoast_head_json":{"title":"Negative Kapitaleink\u00fcnfte im au\u00dferbetrieblichen Bereich weder ausgleichs- noch vortragsf\u00e4hig","description":"Negative Kapitaleink\u00fcnfte im au\u00dferbetrieblichen Bereich sind somit weder ausgleich- noch vortragsf\u00e4hig.","robots":{"index":"index","follow":"follow","max-snippet":"max-snippet:-1","max-image-preview":"max-image-preview:large","max-video-preview":"max-video-preview:-1"},"canonical":"https:\/\/area-bollenberger.at\/negative-kapitaleinkuenfte-im-ausserbetrieblichen-bereich-weder-ausgleichs-noch-vortragsfaehig\/","og_locale":"en_US","og_type":"article","og_title":"Negative Kapitaleink\u00fcnfte im au\u00dferbetrieblichen Bereich weder ausgleichs- noch vortragsf\u00e4hig","og_description":"Negative Kapitaleink\u00fcnfte im au\u00dferbetrieblichen Bereich sind somit weder ausgleich- noch vortragsf\u00e4hig.","og_url":"https:\/\/area-bollenberger.at\/negative-kapitaleinkuenfte-im-ausserbetrieblichen-bereich-weder-ausgleichs-noch-vortragsfaehig\/","og_site_name":"Area Bollenberger","article_publisher":"https:\/\/www.facebook.com\/Bollenberger.Bollenberger\/","article_published_time":"2025-01-14T12:29:10+00:00","article_modified_time":"2025-08-03T19:03:42+00:00","og_image":[{"width":660,"height":318,"url":"https:\/\/area-bollenberger.at\/wp-content\/uploads\/2025\/01\/Negative-Kapitaleinkunfte-im-auserbetrieblichen-Bereich-weder-ausgleichsnoch-vortragsfahig_web-1.jpg","type":"image\/jpeg"}],"author":"Programmer","twitter_card":"summary_large_image","twitter_misc":{"Written by":"Programmer","Est. reading time":"2 minutes"},"schema":{"@context":"https:\/\/schema.org","@graph":[{"@type":"Article","@id":"https:\/\/area-bollenberger.at\/negative-kapitaleinkuenfte-im-ausserbetrieblichen-bereich-weder-ausgleichs-noch-vortragsfaehig\/#article","isPartOf":{"@id":"https:\/\/area-bollenberger.at\/negative-kapitaleinkuenfte-im-ausserbetrieblichen-bereich-weder-ausgleichs-noch-vortragsfaehig\/"},"author":{"name":"Programmer","@id":"https:\/\/area-bollenberger.at\/#\/schema\/person\/20352707a97ff830a14845de19948b88"},"headline":"Negative Kapitaleink\u00fcnfte im au\u00dferbetrieblichen Bereich weder ausgleichs- noch vortragsf\u00e4hig","datePublished":"2025-01-14T12:29:10+00:00","dateModified":"2025-08-03T19:03:42+00:00","mainEntityOfPage":{"@id":"https:\/\/area-bollenberger.at\/negative-kapitaleinkuenfte-im-ausserbetrieblichen-bereich-weder-ausgleichs-noch-vortragsfaehig\/"},"wordCount":314,"image":{"@id":"https:\/\/area-bollenberger.at\/negative-kapitaleinkuenfte-im-ausserbetrieblichen-bereich-weder-ausgleichs-noch-vortragsfaehig\/#primaryimage"},"thumbnailUrl":"https:\/\/area-bollenberger.at\/wp-content\/uploads\/2025\/01\/Negative-Kapitaleinkunfte-im-auserbetrieblichen-Bereich-weder-ausgleichsnoch-vortragsfahig_web-1.jpg","articleSection":["Unkategorisiert"],"inLanguage":"en-US"},{"@type":"WebPage","@id":"https:\/\/area-bollenberger.at\/negative-kapitaleinkuenfte-im-ausserbetrieblichen-bereich-weder-ausgleichs-noch-vortragsfaehig\/","url":"https:\/\/area-bollenberger.at\/negative-kapitaleinkuenfte-im-ausserbetrieblichen-bereich-weder-ausgleichs-noch-vortragsfaehig\/","name":"Negative Kapitaleink\u00fcnfte im au\u00dferbetrieblichen Bereich weder ausgleichs- noch vortragsf\u00e4hig","isPartOf":{"@id":"https:\/\/area-bollenberger.at\/#website"},"primaryImageOfPage":{"@id":"https:\/\/area-bollenberger.at\/negative-kapitaleinkuenfte-im-ausserbetrieblichen-bereich-weder-ausgleichs-noch-vortragsfaehig\/#primaryimage"},"image":{"@id":"https:\/\/area-bollenberger.at\/negative-kapitaleinkuenfte-im-ausserbetrieblichen-bereich-weder-ausgleichs-noch-vortragsfaehig\/#primaryimage"},"thumbnailUrl":"https:\/\/area-bollenberger.at\/wp-content\/uploads\/2025\/01\/Negative-Kapitaleinkunfte-im-auserbetrieblichen-Bereich-weder-ausgleichsnoch-vortragsfahig_web-1.jpg","datePublished":"2025-01-14T12:29:10+00:00","dateModified":"2025-08-03T19:03:42+00:00","author":{"@id":"https:\/\/area-bollenberger.at\/#\/schema\/person\/20352707a97ff830a14845de19948b88"},"description":"Negative Kapitaleink\u00fcnfte im au\u00dferbetrieblichen Bereich sind somit weder ausgleich- noch vortragsf\u00e4hig.","breadcrumb":{"@id":"https:\/\/area-bollenberger.at\/negative-kapitaleinkuenfte-im-ausserbetrieblichen-bereich-weder-ausgleichs-noch-vortragsfaehig\/#breadcrumb"},"inLanguage":"en-US","potentialAction":[{"@type":"ReadAction","target":["https:\/\/area-bollenberger.at\/negative-kapitaleinkuenfte-im-ausserbetrieblichen-bereich-weder-ausgleichs-noch-vortragsfaehig\/"]}]},{"@type":"ImageObject","inLanguage":"en-US","@id":"https:\/\/area-bollenberger.at\/negative-kapitaleinkuenfte-im-ausserbetrieblichen-bereich-weder-ausgleichs-noch-vortragsfaehig\/#primaryimage","url":"https:\/\/area-bollenberger.at\/wp-content\/uploads\/2025\/01\/Negative-Kapitaleinkunfte-im-auserbetrieblichen-Bereich-weder-ausgleichsnoch-vortragsfahig_web-1.jpg","contentUrl":"https:\/\/area-bollenberger.at\/wp-content\/uploads\/2025\/01\/Negative-Kapitaleinkunfte-im-auserbetrieblichen-Bereich-weder-ausgleichsnoch-vortragsfahig_web-1.jpg","width":660,"height":318},{"@type":"BreadcrumbList","@id":"https:\/\/area-bollenberger.at\/negative-kapitaleinkuenfte-im-ausserbetrieblichen-bereich-weder-ausgleichs-noch-vortragsfaehig\/#breadcrumb","itemListElement":[{"@type":"ListItem","position":1,"name":"Start","item":"https:\/\/area-bollenberger.at\/en\/"},{"@type":"ListItem","position":2,"name":"Negative Kapitaleink\u00fcnfte im au\u00dferbetrieblichen Bereich weder ausgleichs- noch vortragsf\u00e4hig"}]},{"@type":"WebSite","@id":"https:\/\/area-bollenberger.at\/#website","url":"https:\/\/area-bollenberger.at\/","name":"Area Bollenberger","description":"Ihr Steuerberater in Wiener Neustadt, Wien, Graz, Purkersdorf","potentialAction":[{"@type":"SearchAction","target":{"@type":"EntryPoint","urlTemplate":"https:\/\/area-bollenberger.at\/?s={search_term_string}"},"query-input":{"@type":"PropertyValueSpecification","valueRequired":true,"valueName":"search_term_string"}}],"inLanguage":"en-US"},{"@type":"Person","@id":"https:\/\/area-bollenberger.at\/#\/schema\/person\/20352707a97ff830a14845de19948b88","name":"Programmer","image":{"@type":"ImageObject","inLanguage":"en-US","@id":"https:\/\/secure.gravatar.com\/avatar\/32a5fef8e085a355e1185a47fe3fab2c6e582bf7eefcf7bc8cefef9fff0682b4?s=96&d=mm&r=g","url":"https:\/\/secure.gravatar.com\/avatar\/32a5fef8e085a355e1185a47fe3fab2c6e582bf7eefcf7bc8cefef9fff0682b4?s=96&d=mm&r=g","contentUrl":"https:\/\/secure.gravatar.com\/avatar\/32a5fef8e085a355e1185a47fe3fab2c6e582bf7eefcf7bc8cefef9fff0682b4?s=96&d=mm&r=g","caption":"Programmer"},"url":"https:\/\/area-bollenberger.at\/en\/author\/programmer\/"}]}},"_links":{"self":[{"href":"https:\/\/area-bollenberger.at\/en\/wp-json\/wp\/v2\/posts\/6131","targetHints":{"allow":["GET"]}}],"collection":[{"href":"https:\/\/area-bollenberger.at\/en\/wp-json\/wp\/v2\/posts"}],"about":[{"href":"https:\/\/area-bollenberger.at\/en\/wp-json\/wp\/v2\/types\/post"}],"author":[{"embeddable":true,"href":"https:\/\/area-bollenberger.at\/en\/wp-json\/wp\/v2\/users\/6"}],"replies":[{"embeddable":true,"href":"https:\/\/area-bollenberger.at\/en\/wp-json\/wp\/v2\/comments?post=6131"}],"version-history":[{"count":1,"href":"https:\/\/area-bollenberger.at\/en\/wp-json\/wp\/v2\/posts\/6131\/revisions"}],"predecessor-version":[{"id":6945,"href":"https:\/\/area-bollenberger.at\/en\/wp-json\/wp\/v2\/posts\/6131\/revisions\/6945"}],"wp:featuredmedia":[{"embeddable":true,"href":"https:\/\/area-bollenberger.at\/en\/wp-json\/wp\/v2\/media\/6325"}],"wp:attachment":[{"href":"https:\/\/area-bollenberger.at\/en\/wp-json\/wp\/v2\/media?parent=6131"}],"wp:term":[{"taxonomy":"category","embeddable":true,"href":"https:\/\/area-bollenberger.at\/en\/wp-json\/wp\/v2\/categories?post=6131"},{"taxonomy":"post_tag","embeddable":true,"href":"https:\/\/area-bollenberger.at\/en\/wp-json\/wp\/v2\/tags?post=6131"}],"curies":[{"name":"wp","href":"https:\/\/api.w.org\/{rel}","templated":true}]}}