{"id":6058,"date":"2024-10-15T17:12:19","date_gmt":"2024-10-15T17:12:19","guid":{"rendered":"https:\/\/area-bollenberger.at\/?p=6058"},"modified":"2025-08-03T21:03:42","modified_gmt":"2025-08-03T19:03:42","slug":"werbungskostenabzug-fuer-ein-haeusliches-arbeitszimmer","status":"publish","type":"post","link":"https:\/\/area-bollenberger.at\/en\/werbungskostenabzug-fuer-ein-haeusliches-arbeitszimmer\/","title":{"rendered":"Werbungskostenabzug f\u00fcr ein h\u00e4usliches Arbeitszimmer"},"content":{"rendered":"\n<p>Um Aufwendungen f\u00fcr ein Arbeitszimmer als Werbungskosten absetzen zu k\u00f6nnen, muss dort der Mittelpunkt der T\u00e4tigkeit liegen. Dabei ist aber auch auf das typische Berufsbild abzustellen.<\/p>\n\n\n\n<p>Ausgangslage eines Verfahrens war ein Universit\u00e4tsprofessor, welcher Ausgaben f\u00fcr die Bibliothek und das Archiv in seinem Haus geltend machte. Grunds\u00e4tzlich stand ihm w\u00e4hrend seiner Lehr- und Forschungst\u00e4tigkeiten ein B\u00fcro an der Universit\u00e4t zur Verf\u00fcgung.<\/p>\n\n\n\n<p>Trotzdem benutzte er einen, \u00fcber eine Treppe zug\u00e4nglichen Bibliotheksraum seiner Wohnung zur Lagerung wissenschaftlicher Materialien, Vor- und Nachbereitung von Lehrveranstaltungen, Durchf\u00fchrung von Forschungsarbeiten und Besprechungen mit Studierenden. Das Bundesfinanzgericht (BFG) versagte die Anerkennung der Werbungskosten f\u00fcr die Bibliothek und qualifizierte den Raum als im Wohnungsverband gelegenes Arbeitszimmer, welches nicht den Mittelpunkt seiner beruflichen T\u00e4tigkeit bildet.<\/p>\n\n\n\n<p><strong>Mittelpunkt der gesamten beruflichen T\u00e4tigkeit<\/strong><\/p>\n\n\n\n<p>Grunds\u00e4tzlich d\u00fcrfen Aufwendungen oder Ausgaben f\u00fcr ein im Wohnungsverband gelegenes Arbeitszimmer und dessen Einrichtung nicht von den Eink\u00fcnften abgezogen werden. Bildet ein im Wohnungsverband gelegenes Arbeitszimmer hingegen den Mittelpunkt der gesamten beruflichen T\u00e4tigkeit, sind die darauf entfallenden Kosten auch nur dann abzugsf\u00e4hig, wenn ein beruflich verwendetes Arbeitszimmer nach der Art der T\u00e4tigkeit des Steuerpflichtigen unbedingt notwendig ist und der zum Arbeitszimmer bestimmte Raum tats\u00e4chlich ausschlie\u00dflich oder nahezu ausschlie\u00dflich beruflich genutzt wird.<\/p>\n\n\n\n<p><strong>Auf typischen Ablauf einer T\u00e4tigkeit abgestellt<\/strong><\/p>\n\n\n\n<p>Der Verwaltungsgerichtshof (VwGH) stellte zun\u00e4chst klar, dass die Bibliothek unstrittig ein im Wohnungsverband gelegenes Arbeitszimmer sei, da es \u00fcber das Hausinnere erreichbar ist. Dass der Raum nicht im Kernbereich des Wohngeb\u00e4udes liegt, schadet dabei nicht. Daher war in einem n\u00e4chsten Schritt fraglich, ob die Bibliothek den Mittelpunkt der beruflichen T\u00e4tigkeit bildet. Dies beurteilte der VwGH anhand des materiellen Schwerpunkts der T\u00e4tigkeit.<\/p>\n\n\n\n<p>Um diesen materiellen Schwerpunkt einer T\u00e4tigkeit zu beurteilen, wird auf den typischen Ablauf einer T\u00e4tigkeit abgestellt und darauf aufbauend ein Mittelpunkt der T\u00e4tigkeit ermittelt. Lediglich im Zweifelsfall ist auf die zeitliche Komponente abzustellen, also ob mehr als die H\u00e4lfte der T\u00e4tigkeit im Arbeitszimmer vollzogen wird. Das Berufsbild eines Universit\u00e4tsprofessors wird durch die Forschung und Lehre gepr\u00e4gt. Nach der allgemeinen Verkehrsauffassung liegt dieser Schwerpunkt jedoch am Universit\u00e4tsgel\u00e4nde und nicht im privaten Wohnbereich.<\/p>\n\n\n\n<p>Der VwGH ging daher davon aus, dass der berufliche Schwerpunkt des Universit\u00e4tsprofessors nicht im h\u00e4uslichen Arbeitszimmer war. Demzufolge wurden auch die geltend gemachten Kosten nicht als Werbungskosten anerkannt.<\/p>\n\n\n\n<p><strong>Tipp:<\/strong><\/p>\n\n\n\n<p>Um Aufwendungen f\u00fcr ein Arbeitszimmer als Werbungskosten steuerlich geltend machen zu k\u00f6nnen, muss der Mittelpunkt der T\u00e4tigkeit in diesem Arbeitszimmer anzusiedeln sein. Bei der Pr\u00fcfung, ob dies der Fall ist, ist auf das typische Berufsbild abzustellen. Dieses typische Berufsbild kann sich dabei im Laufe der Zeit ver\u00e4ndern. Wir empfehlen daher die fr\u00fchzeitige Planung und umfassende Beratung, da aufgrund der Flexibilisierung des Arbeitsmarktes und des Modells des Homeoffice jedenfalls eine einzelfallabh\u00e4ngige Pr\u00fcfung durchzuf\u00fchren ist.<\/p>\n","protected":false},"excerpt":{"rendered":"<p>Um Aufwendungen f\u00fcr ein Arbeitszimmer als Werbungskosten absetzen zu k\u00f6nnen, muss dort der Mittelpunkt der T\u00e4tigkeit liegen. Dabei ist aber auch auf das typische Berufsbild abzustellen. Ausgangslage eines Verfahrens war ein Universit\u00e4tsprofessor, welcher Ausgaben f\u00fcr die Bibliothek und das Archiv in seinem Haus geltend machte. Grunds\u00e4tzlich stand ihm w\u00e4hrend seiner Lehr- und Forschungst\u00e4tigkeiten ein B\u00fcro [&hellip;]<\/p>\n","protected":false},"author":6,"featured_media":6313,"comment_status":"closed","ping_status":"open","sticky":false,"template":"","format":"standard","meta":{"inline_featured_image":false,"footnotes":""},"categories":[14],"tags":[],"class_list":["post-6058","post","type-post","status-publish","format-standard","has-post-thumbnail","hentry","category-unkategorisiert"],"yoast_head":"<!-- This site is optimized with the Yoast SEO plugin v27.4 - https:\/\/yoast.com\/product\/yoast-seo-wordpress\/ -->\n<title>Werbungskostenabzug f\u00fcr ein h\u00e4usliches Arbeitszimmer<\/title>\n<meta name=\"description\" content=\"Um Aufwendungen f\u00fcr ein Arbeitszimmer als Werbungskosten absetzen zu k\u00f6nnen, muss dort der Mittelpunkt der T\u00e4tigkeit liegen. Dabei ist aber auch auf das typische Berufsbild abzustellen.\" \/>\n<meta name=\"robots\" content=\"index, follow, max-snippet:-1, max-image-preview:large, max-video-preview:-1\" \/>\n<link rel=\"canonical\" href=\"https:\/\/area-bollenberger.at\/werbungskostenabzug-fuer-ein-haeusliches-arbeitszimmer\/\" \/>\n<meta property=\"og:locale\" content=\"en_US\" \/>\n<meta property=\"og:type\" content=\"article\" \/>\n<meta property=\"og:title\" content=\"Werbungskostenabzug f\u00fcr ein h\u00e4usliches Arbeitszimmer\" \/>\n<meta property=\"og:description\" content=\"Um Aufwendungen f\u00fcr ein Arbeitszimmer als Werbungskosten absetzen zu k\u00f6nnen, muss dort der Mittelpunkt der T\u00e4tigkeit liegen. Dabei ist aber auch auf das typische Berufsbild abzustellen.\" \/>\n<meta property=\"og:url\" content=\"https:\/\/area-bollenberger.at\/werbungskostenabzug-fuer-ein-haeusliches-arbeitszimmer\/\" \/>\n<meta property=\"og:site_name\" content=\"Area Bollenberger\" \/>\n<meta property=\"article:publisher\" content=\"https:\/\/www.facebook.com\/Bollenberger.Bollenberger\/\" \/>\n<meta property=\"article:published_time\" content=\"2024-10-15T17:12:19+00:00\" \/>\n<meta property=\"article:modified_time\" content=\"2025-08-03T19:03:42+00:00\" \/>\n<meta property=\"og:image\" content=\"https:\/\/area-bollenberger.at\/wp-content\/uploads\/2024\/10\/Werbungskostenabzug-fur-ein-hausliches-Arbeitszimmer_web-1.jpg\" \/>\n\t<meta property=\"og:image:width\" content=\"660\" \/>\n\t<meta property=\"og:image:height\" content=\"318\" \/>\n\t<meta property=\"og:image:type\" content=\"image\/jpeg\" \/>\n<meta name=\"author\" content=\"Programmer\" \/>\n<meta name=\"twitter:card\" content=\"summary_large_image\" \/>\n<meta name=\"twitter:label1\" content=\"Written by\" \/>\n\t<meta name=\"twitter:data1\" content=\"Programmer\" \/>\n\t<meta name=\"twitter:label2\" content=\"Est. reading time\" \/>\n\t<meta name=\"twitter:data2\" content=\"3 minutes\" \/>\n<script type=\"application\/ld+json\" class=\"yoast-schema-graph\">{\"@context\":\"https:\\\/\\\/schema.org\",\"@graph\":[{\"@type\":\"Article\",\"@id\":\"https:\\\/\\\/area-bollenberger.at\\\/werbungskostenabzug-fuer-ein-haeusliches-arbeitszimmer\\\/#article\",\"isPartOf\":{\"@id\":\"https:\\\/\\\/area-bollenberger.at\\\/werbungskostenabzug-fuer-ein-haeusliches-arbeitszimmer\\\/\"},\"author\":{\"name\":\"Programmer\",\"@id\":\"https:\\\/\\\/area-bollenberger.at\\\/#\\\/schema\\\/person\\\/20352707a97ff830a14845de19948b88\"},\"headline\":\"Werbungskostenabzug f\u00fcr ein h\u00e4usliches Arbeitszimmer\",\"datePublished\":\"2024-10-15T17:12:19+00:00\",\"dateModified\":\"2025-08-03T19:03:42+00:00\",\"mainEntityOfPage\":{\"@id\":\"https:\\\/\\\/area-bollenberger.at\\\/werbungskostenabzug-fuer-ein-haeusliches-arbeitszimmer\\\/\"},\"wordCount\":490,\"image\":{\"@id\":\"https:\\\/\\\/area-bollenberger.at\\\/werbungskostenabzug-fuer-ein-haeusliches-arbeitszimmer\\\/#primaryimage\"},\"thumbnailUrl\":\"https:\\\/\\\/area-bollenberger.at\\\/wp-content\\\/uploads\\\/2024\\\/10\\\/Werbungskostenabzug-fur-ein-hausliches-Arbeitszimmer_web-1.jpg\",\"articleSection\":[\"Unkategorisiert\"],\"inLanguage\":\"en-US\"},{\"@type\":\"WebPage\",\"@id\":\"https:\\\/\\\/area-bollenberger.at\\\/werbungskostenabzug-fuer-ein-haeusliches-arbeitszimmer\\\/\",\"url\":\"https:\\\/\\\/area-bollenberger.at\\\/werbungskostenabzug-fuer-ein-haeusliches-arbeitszimmer\\\/\",\"name\":\"Werbungskostenabzug f\u00fcr ein h\u00e4usliches Arbeitszimmer\",\"isPartOf\":{\"@id\":\"https:\\\/\\\/area-bollenberger.at\\\/#website\"},\"primaryImageOfPage\":{\"@id\":\"https:\\\/\\\/area-bollenberger.at\\\/werbungskostenabzug-fuer-ein-haeusliches-arbeitszimmer\\\/#primaryimage\"},\"image\":{\"@id\":\"https:\\\/\\\/area-bollenberger.at\\\/werbungskostenabzug-fuer-ein-haeusliches-arbeitszimmer\\\/#primaryimage\"},\"thumbnailUrl\":\"https:\\\/\\\/area-bollenberger.at\\\/wp-content\\\/uploads\\\/2024\\\/10\\\/Werbungskostenabzug-fur-ein-hausliches-Arbeitszimmer_web-1.jpg\",\"datePublished\":\"2024-10-15T17:12:19+00:00\",\"dateModified\":\"2025-08-03T19:03:42+00:00\",\"author\":{\"@id\":\"https:\\\/\\\/area-bollenberger.at\\\/#\\\/schema\\\/person\\\/20352707a97ff830a14845de19948b88\"},\"description\":\"Um Aufwendungen f\u00fcr ein Arbeitszimmer als Werbungskosten absetzen zu k\u00f6nnen, muss dort der Mittelpunkt der T\u00e4tigkeit liegen. Dabei ist aber auch auf das typische Berufsbild abzustellen.\",\"breadcrumb\":{\"@id\":\"https:\\\/\\\/area-bollenberger.at\\\/werbungskostenabzug-fuer-ein-haeusliches-arbeitszimmer\\\/#breadcrumb\"},\"inLanguage\":\"en-US\",\"potentialAction\":[{\"@type\":\"ReadAction\",\"target\":[\"https:\\\/\\\/area-bollenberger.at\\\/werbungskostenabzug-fuer-ein-haeusliches-arbeitszimmer\\\/\"]}]},{\"@type\":\"ImageObject\",\"inLanguage\":\"en-US\",\"@id\":\"https:\\\/\\\/area-bollenberger.at\\\/werbungskostenabzug-fuer-ein-haeusliches-arbeitszimmer\\\/#primaryimage\",\"url\":\"https:\\\/\\\/area-bollenberger.at\\\/wp-content\\\/uploads\\\/2024\\\/10\\\/Werbungskostenabzug-fur-ein-hausliches-Arbeitszimmer_web-1.jpg\",\"contentUrl\":\"https:\\\/\\\/area-bollenberger.at\\\/wp-content\\\/uploads\\\/2024\\\/10\\\/Werbungskostenabzug-fur-ein-hausliches-Arbeitszimmer_web-1.jpg\",\"width\":660,\"height\":318},{\"@type\":\"BreadcrumbList\",\"@id\":\"https:\\\/\\\/area-bollenberger.at\\\/werbungskostenabzug-fuer-ein-haeusliches-arbeitszimmer\\\/#breadcrumb\",\"itemListElement\":[{\"@type\":\"ListItem\",\"position\":1,\"name\":\"Start\",\"item\":\"https:\\\/\\\/area-bollenberger.at\\\/en\\\/\"},{\"@type\":\"ListItem\",\"position\":2,\"name\":\"Werbungskostenabzug f\u00fcr ein h\u00e4usliches Arbeitszimmer\"}]},{\"@type\":\"WebSite\",\"@id\":\"https:\\\/\\\/area-bollenberger.at\\\/#website\",\"url\":\"https:\\\/\\\/area-bollenberger.at\\\/\",\"name\":\"Area Bollenberger\",\"description\":\"Ihr Steuerberater in Wiener Neustadt, Wien, Graz, Purkersdorf\",\"potentialAction\":[{\"@type\":\"SearchAction\",\"target\":{\"@type\":\"EntryPoint\",\"urlTemplate\":\"https:\\\/\\\/area-bollenberger.at\\\/?s={search_term_string}\"},\"query-input\":{\"@type\":\"PropertyValueSpecification\",\"valueRequired\":true,\"valueName\":\"search_term_string\"}}],\"inLanguage\":\"en-US\"},{\"@type\":\"Person\",\"@id\":\"https:\\\/\\\/area-bollenberger.at\\\/#\\\/schema\\\/person\\\/20352707a97ff830a14845de19948b88\",\"name\":\"Programmer\",\"image\":{\"@type\":\"ImageObject\",\"inLanguage\":\"en-US\",\"@id\":\"https:\\\/\\\/secure.gravatar.com\\\/avatar\\\/32a5fef8e085a355e1185a47fe3fab2c6e582bf7eefcf7bc8cefef9fff0682b4?s=96&d=mm&r=g\",\"url\":\"https:\\\/\\\/secure.gravatar.com\\\/avatar\\\/32a5fef8e085a355e1185a47fe3fab2c6e582bf7eefcf7bc8cefef9fff0682b4?s=96&d=mm&r=g\",\"contentUrl\":\"https:\\\/\\\/secure.gravatar.com\\\/avatar\\\/32a5fef8e085a355e1185a47fe3fab2c6e582bf7eefcf7bc8cefef9fff0682b4?s=96&d=mm&r=g\",\"caption\":\"Programmer\"},\"url\":\"https:\\\/\\\/area-bollenberger.at\\\/en\\\/author\\\/programmer\\\/\"}]}<\/script>\n<!-- \/ Yoast SEO plugin. -->","yoast_head_json":{"title":"Werbungskostenabzug f\u00fcr ein h\u00e4usliches Arbeitszimmer","description":"Um Aufwendungen f\u00fcr ein Arbeitszimmer als Werbungskosten absetzen zu k\u00f6nnen, muss dort der Mittelpunkt der T\u00e4tigkeit liegen. Dabei ist aber auch auf das typische Berufsbild abzustellen.","robots":{"index":"index","follow":"follow","max-snippet":"max-snippet:-1","max-image-preview":"max-image-preview:large","max-video-preview":"max-video-preview:-1"},"canonical":"https:\/\/area-bollenberger.at\/werbungskostenabzug-fuer-ein-haeusliches-arbeitszimmer\/","og_locale":"en_US","og_type":"article","og_title":"Werbungskostenabzug f\u00fcr ein h\u00e4usliches Arbeitszimmer","og_description":"Um Aufwendungen f\u00fcr ein Arbeitszimmer als Werbungskosten absetzen zu k\u00f6nnen, muss dort der Mittelpunkt der T\u00e4tigkeit liegen. Dabei ist aber auch auf das typische Berufsbild abzustellen.","og_url":"https:\/\/area-bollenberger.at\/werbungskostenabzug-fuer-ein-haeusliches-arbeitszimmer\/","og_site_name":"Area Bollenberger","article_publisher":"https:\/\/www.facebook.com\/Bollenberger.Bollenberger\/","article_published_time":"2024-10-15T17:12:19+00:00","article_modified_time":"2025-08-03T19:03:42+00:00","og_image":[{"width":660,"height":318,"url":"https:\/\/area-bollenberger.at\/wp-content\/uploads\/2024\/10\/Werbungskostenabzug-fur-ein-hausliches-Arbeitszimmer_web-1.jpg","type":"image\/jpeg"}],"author":"Programmer","twitter_card":"summary_large_image","twitter_misc":{"Written by":"Programmer","Est. reading time":"3 minutes"},"schema":{"@context":"https:\/\/schema.org","@graph":[{"@type":"Article","@id":"https:\/\/area-bollenberger.at\/werbungskostenabzug-fuer-ein-haeusliches-arbeitszimmer\/#article","isPartOf":{"@id":"https:\/\/area-bollenberger.at\/werbungskostenabzug-fuer-ein-haeusliches-arbeitszimmer\/"},"author":{"name":"Programmer","@id":"https:\/\/area-bollenberger.at\/#\/schema\/person\/20352707a97ff830a14845de19948b88"},"headline":"Werbungskostenabzug f\u00fcr ein h\u00e4usliches Arbeitszimmer","datePublished":"2024-10-15T17:12:19+00:00","dateModified":"2025-08-03T19:03:42+00:00","mainEntityOfPage":{"@id":"https:\/\/area-bollenberger.at\/werbungskostenabzug-fuer-ein-haeusliches-arbeitszimmer\/"},"wordCount":490,"image":{"@id":"https:\/\/area-bollenberger.at\/werbungskostenabzug-fuer-ein-haeusliches-arbeitszimmer\/#primaryimage"},"thumbnailUrl":"https:\/\/area-bollenberger.at\/wp-content\/uploads\/2024\/10\/Werbungskostenabzug-fur-ein-hausliches-Arbeitszimmer_web-1.jpg","articleSection":["Unkategorisiert"],"inLanguage":"en-US"},{"@type":"WebPage","@id":"https:\/\/area-bollenberger.at\/werbungskostenabzug-fuer-ein-haeusliches-arbeitszimmer\/","url":"https:\/\/area-bollenberger.at\/werbungskostenabzug-fuer-ein-haeusliches-arbeitszimmer\/","name":"Werbungskostenabzug f\u00fcr ein h\u00e4usliches Arbeitszimmer","isPartOf":{"@id":"https:\/\/area-bollenberger.at\/#website"},"primaryImageOfPage":{"@id":"https:\/\/area-bollenberger.at\/werbungskostenabzug-fuer-ein-haeusliches-arbeitszimmer\/#primaryimage"},"image":{"@id":"https:\/\/area-bollenberger.at\/werbungskostenabzug-fuer-ein-haeusliches-arbeitszimmer\/#primaryimage"},"thumbnailUrl":"https:\/\/area-bollenberger.at\/wp-content\/uploads\/2024\/10\/Werbungskostenabzug-fur-ein-hausliches-Arbeitszimmer_web-1.jpg","datePublished":"2024-10-15T17:12:19+00:00","dateModified":"2025-08-03T19:03:42+00:00","author":{"@id":"https:\/\/area-bollenberger.at\/#\/schema\/person\/20352707a97ff830a14845de19948b88"},"description":"Um Aufwendungen f\u00fcr ein Arbeitszimmer als Werbungskosten absetzen zu k\u00f6nnen, muss dort der Mittelpunkt der T\u00e4tigkeit liegen. Dabei ist aber auch auf das typische Berufsbild abzustellen.","breadcrumb":{"@id":"https:\/\/area-bollenberger.at\/werbungskostenabzug-fuer-ein-haeusliches-arbeitszimmer\/#breadcrumb"},"inLanguage":"en-US","potentialAction":[{"@type":"ReadAction","target":["https:\/\/area-bollenberger.at\/werbungskostenabzug-fuer-ein-haeusliches-arbeitszimmer\/"]}]},{"@type":"ImageObject","inLanguage":"en-US","@id":"https:\/\/area-bollenberger.at\/werbungskostenabzug-fuer-ein-haeusliches-arbeitszimmer\/#primaryimage","url":"https:\/\/area-bollenberger.at\/wp-content\/uploads\/2024\/10\/Werbungskostenabzug-fur-ein-hausliches-Arbeitszimmer_web-1.jpg","contentUrl":"https:\/\/area-bollenberger.at\/wp-content\/uploads\/2024\/10\/Werbungskostenabzug-fur-ein-hausliches-Arbeitszimmer_web-1.jpg","width":660,"height":318},{"@type":"BreadcrumbList","@id":"https:\/\/area-bollenberger.at\/werbungskostenabzug-fuer-ein-haeusliches-arbeitszimmer\/#breadcrumb","itemListElement":[{"@type":"ListItem","position":1,"name":"Start","item":"https:\/\/area-bollenberger.at\/en\/"},{"@type":"ListItem","position":2,"name":"Werbungskostenabzug f\u00fcr ein h\u00e4usliches Arbeitszimmer"}]},{"@type":"WebSite","@id":"https:\/\/area-bollenberger.at\/#website","url":"https:\/\/area-bollenberger.at\/","name":"Area Bollenberger","description":"Ihr Steuerberater in Wiener Neustadt, Wien, Graz, Purkersdorf","potentialAction":[{"@type":"SearchAction","target":{"@type":"EntryPoint","urlTemplate":"https:\/\/area-bollenberger.at\/?s={search_term_string}"},"query-input":{"@type":"PropertyValueSpecification","valueRequired":true,"valueName":"search_term_string"}}],"inLanguage":"en-US"},{"@type":"Person","@id":"https:\/\/area-bollenberger.at\/#\/schema\/person\/20352707a97ff830a14845de19948b88","name":"Programmer","image":{"@type":"ImageObject","inLanguage":"en-US","@id":"https:\/\/secure.gravatar.com\/avatar\/32a5fef8e085a355e1185a47fe3fab2c6e582bf7eefcf7bc8cefef9fff0682b4?s=96&d=mm&r=g","url":"https:\/\/secure.gravatar.com\/avatar\/32a5fef8e085a355e1185a47fe3fab2c6e582bf7eefcf7bc8cefef9fff0682b4?s=96&d=mm&r=g","contentUrl":"https:\/\/secure.gravatar.com\/avatar\/32a5fef8e085a355e1185a47fe3fab2c6e582bf7eefcf7bc8cefef9fff0682b4?s=96&d=mm&r=g","caption":"Programmer"},"url":"https:\/\/area-bollenberger.at\/en\/author\/programmer\/"}]}},"_links":{"self":[{"href":"https:\/\/area-bollenberger.at\/en\/wp-json\/wp\/v2\/posts\/6058","targetHints":{"allow":["GET"]}}],"collection":[{"href":"https:\/\/area-bollenberger.at\/en\/wp-json\/wp\/v2\/posts"}],"about":[{"href":"https:\/\/area-bollenberger.at\/en\/wp-json\/wp\/v2\/types\/post"}],"author":[{"embeddable":true,"href":"https:\/\/area-bollenberger.at\/en\/wp-json\/wp\/v2\/users\/6"}],"replies":[{"embeddable":true,"href":"https:\/\/area-bollenberger.at\/en\/wp-json\/wp\/v2\/comments?post=6058"}],"version-history":[{"count":1,"href":"https:\/\/area-bollenberger.at\/en\/wp-json\/wp\/v2\/posts\/6058\/revisions"}],"predecessor-version":[{"id":6961,"href":"https:\/\/area-bollenberger.at\/en\/wp-json\/wp\/v2\/posts\/6058\/revisions\/6961"}],"wp:featuredmedia":[{"embeddable":true,"href":"https:\/\/area-bollenberger.at\/en\/wp-json\/wp\/v2\/media\/6313"}],"wp:attachment":[{"href":"https:\/\/area-bollenberger.at\/en\/wp-json\/wp\/v2\/media?parent=6058"}],"wp:term":[{"taxonomy":"category","embeddable":true,"href":"https:\/\/area-bollenberger.at\/en\/wp-json\/wp\/v2\/categories?post=6058"},{"taxonomy":"post_tag","embeddable":true,"href":"https:\/\/area-bollenberger.at\/en\/wp-json\/wp\/v2\/tags?post=6058"}],"curies":[{"name":"wp","href":"https:\/\/api.w.org\/{rel}","templated":true}]}}