{"id":6054,"date":"2024-10-15T17:12:52","date_gmt":"2024-10-15T17:12:52","guid":{"rendered":"https:\/\/area-bollenberger.at\/?p=6054"},"modified":"2025-08-03T21:03:42","modified_gmt":"2025-08-03T19:03:42","slug":"weitere-aenderungen-in-der-umsatzsteuer","status":"publish","type":"post","link":"https:\/\/area-bollenberger.at\/en\/weitere-aenderungen-in-der-umsatzsteuer\/","title":{"rendered":"Weitere \u00c4nderungen in der Umsatzsteuer"},"content":{"rendered":"\n<p>Das im Juli 2024 beschlossene Abgaben\u00e4nderungsgesetz 2024 sieht neben der Kleinunternehmerbefreiung weitere \u00c4nderungen in der Umsatzsteuer vor.<\/p>\n\n\n\n<p>F\u00fcr Spenden von Lebensmitteln und nichtalkoholischen Getr\u00e4nken von Unternehmern an bestimmte Einrichtungen wird eine Umsatzsteuerbefreiung eingef\u00fchrt, die das Recht auf Vorsteuerabzug jedoch nicht ausschlie\u00dft. Um Wettbewerbsverzerrungen zu vermeiden, sind nur Lebensmittelspenden an Einrichtungen beg\u00fcnstigt, die mildt\u00e4tige Zwecke verfolgen. Nicht umfasst sind somit solche Spenden an gemeinn\u00fctzige Einrichtungen.<\/p>\n\n\n\n<p>Bei kulturellen, k\u00fcnstlerischen, wissenschaftlichen, unterrichtenden, sportlichen, unterhaltenden oder \u00e4hnlichen Leistungen an Privatpersonen, die virtuell verf\u00fcgbar gemacht werden, liegt der Leistungsort \u2013 in Anlehnung an die elektronisch erbrachten Leistungen \u2013 am Empf\u00e4ngerort, also am Wohnort oder Ort des gew\u00f6hnlichen Aufenthalts der Privatperson. Umfasst sind insbesondere Streaming-Leistungen, wie z. B. interaktive Online-Sprachkurse. Die \u00c4nderungen treten ab 1.1.2025 in Kraft und sind erstmals auf Ums\u00e4tze und sonstige Sachverhalte anzuwenden, die nach dem 31.12.2024 ausgef\u00fchrt werden bzw. sich ereignen.<\/p>\n","protected":false},"excerpt":{"rendered":"<p>Das im Juli 2024 beschlossene Abgaben\u00e4nderungsgesetz 2024 sieht neben der Kleinunternehmerbefreiung weitere \u00c4nderungen in der Umsatzsteuer vor. F\u00fcr Spenden von Lebensmitteln und nichtalkoholischen Getr\u00e4nken von Unternehmern an bestimmte Einrichtungen wird eine Umsatzsteuerbefreiung eingef\u00fchrt, die das Recht auf Vorsteuerabzug jedoch nicht ausschlie\u00dft. Um Wettbewerbsverzerrungen zu vermeiden, sind nur Lebensmittelspenden an Einrichtungen beg\u00fcnstigt, die mildt\u00e4tige Zwecke verfolgen. [&hellip;]<\/p>\n","protected":false},"author":6,"featured_media":6312,"comment_status":"closed","ping_status":"open","sticky":false,"template":"","format":"standard","meta":{"inline_featured_image":false,"footnotes":""},"categories":[14],"tags":[],"class_list":["post-6054","post","type-post","status-publish","format-standard","has-post-thumbnail","hentry","category-unkategorisiert"],"yoast_head":"<!-- This site is optimized with the Yoast SEO plugin v27.4 - https:\/\/yoast.com\/product\/yoast-seo-wordpress\/ -->\n<title>Weitere \u00c4nderungen in der Umsatzsteuer<\/title>\n<meta name=\"description\" content=\"Das im Juli 2024 beschlossene Abgaben\u00e4nderungsgesetz 2024 sieht neben der Kleinunternehmerbefreiung weitere \u00c4nderungen in der Umsatzsteuer vor.\" \/>\n<meta name=\"robots\" content=\"index, follow, max-snippet:-1, max-image-preview:large, max-video-preview:-1\" \/>\n<link rel=\"canonical\" href=\"https:\/\/area-bollenberger.at\/weitere-aenderungen-in-der-umsatzsteuer\/\" \/>\n<meta property=\"og:locale\" content=\"en_US\" \/>\n<meta property=\"og:type\" content=\"article\" \/>\n<meta property=\"og:title\" content=\"Weitere \u00c4nderungen in der Umsatzsteuer\" \/>\n<meta property=\"og:description\" content=\"Das im Juli 2024 beschlossene Abgaben\u00e4nderungsgesetz 2024 sieht neben der Kleinunternehmerbefreiung weitere \u00c4nderungen in der Umsatzsteuer vor.\" \/>\n<meta property=\"og:url\" content=\"https:\/\/area-bollenberger.at\/weitere-aenderungen-in-der-umsatzsteuer\/\" \/>\n<meta property=\"og:site_name\" content=\"Area Bollenberger\" \/>\n<meta property=\"article:publisher\" content=\"https:\/\/www.facebook.com\/Bollenberger.Bollenberger\/\" \/>\n<meta property=\"article:published_time\" content=\"2024-10-15T17:12:52+00:00\" \/>\n<meta property=\"article:modified_time\" content=\"2025-08-03T19:03:42+00:00\" \/>\n<meta property=\"og:image\" content=\"https:\/\/area-bollenberger.at\/wp-content\/uploads\/2024\/10\/Weitere-Amderungen-in-der-Umsatzsteuer_web-1.jpg\" \/>\n\t<meta property=\"og:image:width\" content=\"660\" \/>\n\t<meta property=\"og:image:height\" content=\"318\" \/>\n\t<meta property=\"og:image:type\" content=\"image\/jpeg\" \/>\n<meta name=\"author\" content=\"Programmer\" \/>\n<meta name=\"twitter:card\" content=\"summary_large_image\" \/>\n<meta name=\"twitter:label1\" content=\"Written by\" \/>\n\t<meta name=\"twitter:data1\" content=\"Programmer\" \/>\n\t<meta name=\"twitter:label2\" content=\"Est. reading time\" \/>\n\t<meta name=\"twitter:data2\" content=\"1 minute\" \/>\n<script type=\"application\/ld+json\" class=\"yoast-schema-graph\">{\"@context\":\"https:\\\/\\\/schema.org\",\"@graph\":[{\"@type\":\"Article\",\"@id\":\"https:\\\/\\\/area-bollenberger.at\\\/weitere-aenderungen-in-der-umsatzsteuer\\\/#article\",\"isPartOf\":{\"@id\":\"https:\\\/\\\/area-bollenberger.at\\\/weitere-aenderungen-in-der-umsatzsteuer\\\/\"},\"author\":{\"name\":\"Programmer\",\"@id\":\"https:\\\/\\\/area-bollenberger.at\\\/#\\\/schema\\\/person\\\/20352707a97ff830a14845de19948b88\"},\"headline\":\"Weitere \u00c4nderungen in der Umsatzsteuer\",\"datePublished\":\"2024-10-15T17:12:52+00:00\",\"dateModified\":\"2025-08-03T19:03:42+00:00\",\"mainEntityOfPage\":{\"@id\":\"https:\\\/\\\/area-bollenberger.at\\\/weitere-aenderungen-in-der-umsatzsteuer\\\/\"},\"wordCount\":152,\"image\":{\"@id\":\"https:\\\/\\\/area-bollenberger.at\\\/weitere-aenderungen-in-der-umsatzsteuer\\\/#primaryimage\"},\"thumbnailUrl\":\"https:\\\/\\\/area-bollenberger.at\\\/wp-content\\\/uploads\\\/2024\\\/10\\\/Weitere-Amderungen-in-der-Umsatzsteuer_web-1.jpg\",\"articleSection\":[\"Unkategorisiert\"],\"inLanguage\":\"en-US\"},{\"@type\":\"WebPage\",\"@id\":\"https:\\\/\\\/area-bollenberger.at\\\/weitere-aenderungen-in-der-umsatzsteuer\\\/\",\"url\":\"https:\\\/\\\/area-bollenberger.at\\\/weitere-aenderungen-in-der-umsatzsteuer\\\/\",\"name\":\"Weitere \u00c4nderungen in der Umsatzsteuer\",\"isPartOf\":{\"@id\":\"https:\\\/\\\/area-bollenberger.at\\\/#website\"},\"primaryImageOfPage\":{\"@id\":\"https:\\\/\\\/area-bollenberger.at\\\/weitere-aenderungen-in-der-umsatzsteuer\\\/#primaryimage\"},\"image\":{\"@id\":\"https:\\\/\\\/area-bollenberger.at\\\/weitere-aenderungen-in-der-umsatzsteuer\\\/#primaryimage\"},\"thumbnailUrl\":\"https:\\\/\\\/area-bollenberger.at\\\/wp-content\\\/uploads\\\/2024\\\/10\\\/Weitere-Amderungen-in-der-Umsatzsteuer_web-1.jpg\",\"datePublished\":\"2024-10-15T17:12:52+00:00\",\"dateModified\":\"2025-08-03T19:03:42+00:00\",\"author\":{\"@id\":\"https:\\\/\\\/area-bollenberger.at\\\/#\\\/schema\\\/person\\\/20352707a97ff830a14845de19948b88\"},\"description\":\"Das im Juli 2024 beschlossene Abgaben\u00e4nderungsgesetz 2024 sieht neben der Kleinunternehmerbefreiung weitere \u00c4nderungen in der Umsatzsteuer vor.\",\"breadcrumb\":{\"@id\":\"https:\\\/\\\/area-bollenberger.at\\\/weitere-aenderungen-in-der-umsatzsteuer\\\/#breadcrumb\"},\"inLanguage\":\"en-US\",\"potentialAction\":[{\"@type\":\"ReadAction\",\"target\":[\"https:\\\/\\\/area-bollenberger.at\\\/weitere-aenderungen-in-der-umsatzsteuer\\\/\"]}]},{\"@type\":\"ImageObject\",\"inLanguage\":\"en-US\",\"@id\":\"https:\\\/\\\/area-bollenberger.at\\\/weitere-aenderungen-in-der-umsatzsteuer\\\/#primaryimage\",\"url\":\"https:\\\/\\\/area-bollenberger.at\\\/wp-content\\\/uploads\\\/2024\\\/10\\\/Weitere-Amderungen-in-der-Umsatzsteuer_web-1.jpg\",\"contentUrl\":\"https:\\\/\\\/area-bollenberger.at\\\/wp-content\\\/uploads\\\/2024\\\/10\\\/Weitere-Amderungen-in-der-Umsatzsteuer_web-1.jpg\",\"width\":660,\"height\":318},{\"@type\":\"BreadcrumbList\",\"@id\":\"https:\\\/\\\/area-bollenberger.at\\\/weitere-aenderungen-in-der-umsatzsteuer\\\/#breadcrumb\",\"itemListElement\":[{\"@type\":\"ListItem\",\"position\":1,\"name\":\"Start\",\"item\":\"https:\\\/\\\/area-bollenberger.at\\\/en\\\/\"},{\"@type\":\"ListItem\",\"position\":2,\"name\":\"Weitere \u00c4nderungen in der Umsatzsteuer\"}]},{\"@type\":\"WebSite\",\"@id\":\"https:\\\/\\\/area-bollenberger.at\\\/#website\",\"url\":\"https:\\\/\\\/area-bollenberger.at\\\/\",\"name\":\"Area Bollenberger\",\"description\":\"Ihr Steuerberater in Wiener Neustadt, Wien, Graz, Purkersdorf\",\"potentialAction\":[{\"@type\":\"SearchAction\",\"target\":{\"@type\":\"EntryPoint\",\"urlTemplate\":\"https:\\\/\\\/area-bollenberger.at\\\/?s={search_term_string}\"},\"query-input\":{\"@type\":\"PropertyValueSpecification\",\"valueRequired\":true,\"valueName\":\"search_term_string\"}}],\"inLanguage\":\"en-US\"},{\"@type\":\"Person\",\"@id\":\"https:\\\/\\\/area-bollenberger.at\\\/#\\\/schema\\\/person\\\/20352707a97ff830a14845de19948b88\",\"name\":\"Programmer\",\"image\":{\"@type\":\"ImageObject\",\"inLanguage\":\"en-US\",\"@id\":\"https:\\\/\\\/secure.gravatar.com\\\/avatar\\\/32a5fef8e085a355e1185a47fe3fab2c6e582bf7eefcf7bc8cefef9fff0682b4?s=96&d=mm&r=g\",\"url\":\"https:\\\/\\\/secure.gravatar.com\\\/avatar\\\/32a5fef8e085a355e1185a47fe3fab2c6e582bf7eefcf7bc8cefef9fff0682b4?s=96&d=mm&r=g\",\"contentUrl\":\"https:\\\/\\\/secure.gravatar.com\\\/avatar\\\/32a5fef8e085a355e1185a47fe3fab2c6e582bf7eefcf7bc8cefef9fff0682b4?s=96&d=mm&r=g\",\"caption\":\"Programmer\"},\"url\":\"https:\\\/\\\/area-bollenberger.at\\\/en\\\/author\\\/programmer\\\/\"}]}<\/script>\n<!-- \/ Yoast SEO plugin. -->","yoast_head_json":{"title":"Weitere \u00c4nderungen in der Umsatzsteuer","description":"Das im Juli 2024 beschlossene Abgaben\u00e4nderungsgesetz 2024 sieht neben der Kleinunternehmerbefreiung weitere \u00c4nderungen in der Umsatzsteuer vor.","robots":{"index":"index","follow":"follow","max-snippet":"max-snippet:-1","max-image-preview":"max-image-preview:large","max-video-preview":"max-video-preview:-1"},"canonical":"https:\/\/area-bollenberger.at\/weitere-aenderungen-in-der-umsatzsteuer\/","og_locale":"en_US","og_type":"article","og_title":"Weitere \u00c4nderungen in der Umsatzsteuer","og_description":"Das im Juli 2024 beschlossene Abgaben\u00e4nderungsgesetz 2024 sieht neben der Kleinunternehmerbefreiung weitere \u00c4nderungen in der Umsatzsteuer vor.","og_url":"https:\/\/area-bollenberger.at\/weitere-aenderungen-in-der-umsatzsteuer\/","og_site_name":"Area Bollenberger","article_publisher":"https:\/\/www.facebook.com\/Bollenberger.Bollenberger\/","article_published_time":"2024-10-15T17:12:52+00:00","article_modified_time":"2025-08-03T19:03:42+00:00","og_image":[{"width":660,"height":318,"url":"https:\/\/area-bollenberger.at\/wp-content\/uploads\/2024\/10\/Weitere-Amderungen-in-der-Umsatzsteuer_web-1.jpg","type":"image\/jpeg"}],"author":"Programmer","twitter_card":"summary_large_image","twitter_misc":{"Written by":"Programmer","Est. reading time":"1 minute"},"schema":{"@context":"https:\/\/schema.org","@graph":[{"@type":"Article","@id":"https:\/\/area-bollenberger.at\/weitere-aenderungen-in-der-umsatzsteuer\/#article","isPartOf":{"@id":"https:\/\/area-bollenberger.at\/weitere-aenderungen-in-der-umsatzsteuer\/"},"author":{"name":"Programmer","@id":"https:\/\/area-bollenberger.at\/#\/schema\/person\/20352707a97ff830a14845de19948b88"},"headline":"Weitere \u00c4nderungen in der Umsatzsteuer","datePublished":"2024-10-15T17:12:52+00:00","dateModified":"2025-08-03T19:03:42+00:00","mainEntityOfPage":{"@id":"https:\/\/area-bollenberger.at\/weitere-aenderungen-in-der-umsatzsteuer\/"},"wordCount":152,"image":{"@id":"https:\/\/area-bollenberger.at\/weitere-aenderungen-in-der-umsatzsteuer\/#primaryimage"},"thumbnailUrl":"https:\/\/area-bollenberger.at\/wp-content\/uploads\/2024\/10\/Weitere-Amderungen-in-der-Umsatzsteuer_web-1.jpg","articleSection":["Unkategorisiert"],"inLanguage":"en-US"},{"@type":"WebPage","@id":"https:\/\/area-bollenberger.at\/weitere-aenderungen-in-der-umsatzsteuer\/","url":"https:\/\/area-bollenberger.at\/weitere-aenderungen-in-der-umsatzsteuer\/","name":"Weitere \u00c4nderungen in der Umsatzsteuer","isPartOf":{"@id":"https:\/\/area-bollenberger.at\/#website"},"primaryImageOfPage":{"@id":"https:\/\/area-bollenberger.at\/weitere-aenderungen-in-der-umsatzsteuer\/#primaryimage"},"image":{"@id":"https:\/\/area-bollenberger.at\/weitere-aenderungen-in-der-umsatzsteuer\/#primaryimage"},"thumbnailUrl":"https:\/\/area-bollenberger.at\/wp-content\/uploads\/2024\/10\/Weitere-Amderungen-in-der-Umsatzsteuer_web-1.jpg","datePublished":"2024-10-15T17:12:52+00:00","dateModified":"2025-08-03T19:03:42+00:00","author":{"@id":"https:\/\/area-bollenberger.at\/#\/schema\/person\/20352707a97ff830a14845de19948b88"},"description":"Das im Juli 2024 beschlossene Abgaben\u00e4nderungsgesetz 2024 sieht neben der Kleinunternehmerbefreiung weitere \u00c4nderungen in der Umsatzsteuer vor.","breadcrumb":{"@id":"https:\/\/area-bollenberger.at\/weitere-aenderungen-in-der-umsatzsteuer\/#breadcrumb"},"inLanguage":"en-US","potentialAction":[{"@type":"ReadAction","target":["https:\/\/area-bollenberger.at\/weitere-aenderungen-in-der-umsatzsteuer\/"]}]},{"@type":"ImageObject","inLanguage":"en-US","@id":"https:\/\/area-bollenberger.at\/weitere-aenderungen-in-der-umsatzsteuer\/#primaryimage","url":"https:\/\/area-bollenberger.at\/wp-content\/uploads\/2024\/10\/Weitere-Amderungen-in-der-Umsatzsteuer_web-1.jpg","contentUrl":"https:\/\/area-bollenberger.at\/wp-content\/uploads\/2024\/10\/Weitere-Amderungen-in-der-Umsatzsteuer_web-1.jpg","width":660,"height":318},{"@type":"BreadcrumbList","@id":"https:\/\/area-bollenberger.at\/weitere-aenderungen-in-der-umsatzsteuer\/#breadcrumb","itemListElement":[{"@type":"ListItem","position":1,"name":"Start","item":"https:\/\/area-bollenberger.at\/en\/"},{"@type":"ListItem","position":2,"name":"Weitere \u00c4nderungen in der Umsatzsteuer"}]},{"@type":"WebSite","@id":"https:\/\/area-bollenberger.at\/#website","url":"https:\/\/area-bollenberger.at\/","name":"Area Bollenberger","description":"Ihr Steuerberater in Wiener Neustadt, Wien, Graz, Purkersdorf","potentialAction":[{"@type":"SearchAction","target":{"@type":"EntryPoint","urlTemplate":"https:\/\/area-bollenberger.at\/?s={search_term_string}"},"query-input":{"@type":"PropertyValueSpecification","valueRequired":true,"valueName":"search_term_string"}}],"inLanguage":"en-US"},{"@type":"Person","@id":"https:\/\/area-bollenberger.at\/#\/schema\/person\/20352707a97ff830a14845de19948b88","name":"Programmer","image":{"@type":"ImageObject","inLanguage":"en-US","@id":"https:\/\/secure.gravatar.com\/avatar\/32a5fef8e085a355e1185a47fe3fab2c6e582bf7eefcf7bc8cefef9fff0682b4?s=96&d=mm&r=g","url":"https:\/\/secure.gravatar.com\/avatar\/32a5fef8e085a355e1185a47fe3fab2c6e582bf7eefcf7bc8cefef9fff0682b4?s=96&d=mm&r=g","contentUrl":"https:\/\/secure.gravatar.com\/avatar\/32a5fef8e085a355e1185a47fe3fab2c6e582bf7eefcf7bc8cefef9fff0682b4?s=96&d=mm&r=g","caption":"Programmer"},"url":"https:\/\/area-bollenberger.at\/en\/author\/programmer\/"}]}},"_links":{"self":[{"href":"https:\/\/area-bollenberger.at\/en\/wp-json\/wp\/v2\/posts\/6054","targetHints":{"allow":["GET"]}}],"collection":[{"href":"https:\/\/area-bollenberger.at\/en\/wp-json\/wp\/v2\/posts"}],"about":[{"href":"https:\/\/area-bollenberger.at\/en\/wp-json\/wp\/v2\/types\/post"}],"author":[{"embeddable":true,"href":"https:\/\/area-bollenberger.at\/en\/wp-json\/wp\/v2\/users\/6"}],"replies":[{"embeddable":true,"href":"https:\/\/area-bollenberger.at\/en\/wp-json\/wp\/v2\/comments?post=6054"}],"version-history":[{"count":1,"href":"https:\/\/area-bollenberger.at\/en\/wp-json\/wp\/v2\/posts\/6054\/revisions"}],"predecessor-version":[{"id":6960,"href":"https:\/\/area-bollenberger.at\/en\/wp-json\/wp\/v2\/posts\/6054\/revisions\/6960"}],"wp:featuredmedia":[{"embeddable":true,"href":"https:\/\/area-bollenberger.at\/en\/wp-json\/wp\/v2\/media\/6312"}],"wp:attachment":[{"href":"https:\/\/area-bollenberger.at\/en\/wp-json\/wp\/v2\/media?parent=6054"}],"wp:term":[{"taxonomy":"category","embeddable":true,"href":"https:\/\/area-bollenberger.at\/en\/wp-json\/wp\/v2\/categories?post=6054"},{"taxonomy":"post_tag","embeddable":true,"href":"https:\/\/area-bollenberger.at\/en\/wp-json\/wp\/v2\/tags?post=6054"}],"curies":[{"name":"wp","href":"https:\/\/api.w.org\/{rel}","templated":true}]}}