{"id":6046,"date":"2024-10-15T17:13:41","date_gmt":"2024-10-15T17:13:41","guid":{"rendered":"https:\/\/area-bollenberger.at\/?p=6046"},"modified":"2025-08-03T21:03:42","modified_gmt":"2025-08-03T19:03:42","slug":"vorsteuerkorrektur-bei-gebaeude-investitionen","status":"publish","type":"post","link":"https:\/\/area-bollenberger.at\/en\/vorsteuerkorrektur-bei-gebaeude-investitionen\/","title":{"rendered":"Vorsteuerkorrektur bei Geb\u00e4ude-Investitionen"},"content":{"rendered":"\n<p>Bei \u00c4nderungen an Geb\u00e4uden hinsichtlich betrieblicher oder privater Nutzung sind einige Details zu ber\u00fccksichtigen, die im folgenden Verfahrensbeispiel beschrieben werden.<\/p>\n\n\n\n<p>Dem Verfahren am Verwaltungsgerichtshof (VwGH) lag folgender Sachverhalt zugrunde: Ein Steuerpflichtiger nahm bei einem Geb\u00e4ude mit mehreren Wohnungen eine Sanierung und eine Nutzfl\u00e4chenerweiterung (Dachbodenausbau) vor. Nach Beendigung der Arbeiten nutzte er eine der Wohnungen f\u00fcr private Zwecke und vermietete die restlichen Wohnungen ab 2012. Er machte zun\u00e4chst Vorsteuern im betrieblichen Nutzungsausma\u00df geltend. Ab Ende 2018 vermietete der Steuerpflichtige auch die zuvor privat genutzte Wohnung und machte bei der Umsatzsteuererkl\u00e4rung 2019 eine positive Vorsteuerberichtigung f\u00fcr die bis dahin privat genutzte Wohnung geltend. Das Finanzamt erkannte diese positive Vorsteuerberichtigung nicht an.<\/p>\n\n\n\n<p>Das Bundesfinanzgericht (BFG) gab der gegen den Bescheid des Finanzamts erhobenen Beschwerde recht und f\u00fchrte aus, der Steuerpflichtige habe dem Finanzamt zu keinem Zeitpunkt schriftlich mitgeteilt, dass nur der unternehmerisch genutzte (vermietete) Teil des Geb\u00e4udes seinem Unternehmen zuzuordnen sei, womit das gesamte Geb\u00e4ude (einschlie\u00dflich der privat genutzten Wohneinheit) als seinem Unternehmen zugeordnet gelte. Mit Beginn der Vermietung der zuvor privat genutzten Wohnung finde daher keine Einlage in den Unternehmensbereich statt, da das Geb\u00e4ude immer schon zu 100% dem Unternehmen gewidmet war. Aus diesem Grund k\u00f6nnen die vormals nicht abzugsf\u00e4higen Vorsteuern nunmehr aufgrund der vollst\u00e4ndigen betrieblichen Nutzung (anteilig) nachgeholt und abgesetzt werden.<\/p>\n\n\n\n<p>Wie der VwGH in seinem Erkenntnis ausf\u00fchrt, hat nach st\u00e4ndiger Rechtsprechung des Europ\u00e4ischen Gerichtshofes (EuGH) ein Steuerpflichtiger, der ein Investitionsgut sowohl f\u00fcr unternehmerische als auch f\u00fcr private Zwecke verwendet, f\u00fcr umsatzsteuerliche Zwecke die Wahl, diesen Gegenstand in vollem Umfang oder nur im Umfang der tats\u00e4chlichen unternehmerischen Verwendung in sein Unternehmen einzubeziehen. Wenn er ein solch gemischt genutztes Investitionsgut als 100%-igen Unternehmensgegenstand behandelt, so ist die beim Erwerb dieses Gegenstands geschuldete Vorsteuer grunds\u00e4tzlich vollst\u00e4ndig und sofort abziehbar, allerdings verbunden mit einer entsprechenden Verpflichtung zur Zahlung der Umsatzsteuer auf die private Verwendung des Unternehmensgegenstands (sogenannter Eigenverbrauch). Bei Geb\u00e4uden gibt es keinen Eigenverbrauch, sondern es darf die Vorsteuer \u2013 trotz 100%-iger Zuordnung zum Unternehmen \u2013 nur f\u00fcr den betrieblich genutzten Teil abgezogen werden.<\/p>\n\n\n\n<p>Der Unternehmer hat im aktuellen VwGH-Verfahren dem Finanzamt jedenfalls nicht schriftlich mitgeteilt, dass er nur einen Teil des Geb\u00e4udes dem Unternehmen zuordnen m\u00f6chte. Aufgrund dieser von Beginn an 100%-igen Zuordnung des Geb\u00e4udes zum Unternehmen kann somit der Abzug jener Vorsteuern, die zun\u00e4chst aufgrund der privaten Nutzung eines Geb\u00e4udeteils nicht abzogen werden durften, nach Wegfall der privaten Nutzung zeitlich anteilig nachgeholt werden.<\/p>\n\n\n\n<p><strong>Tipp:<\/strong><\/p>\n\n\n\n<p>Sollte sich bei Geb\u00e4uden die betriebliche bzw. private Nutzung \u00e4ndern, ist genau zu pr\u00fcfen, ob Vorsteuern nachtr\u00e4glich abgezogen werden k\u00f6nnen oder \u2013 bei einer sp\u00e4teren Privatnutzung \u2013 unter Umst\u00e4nden auch wieder an das Finanzamt zur\u00fcckbezahlt werden m\u00fcssen. Solche Nutzungs\u00e4nderungen sollten zeitgerecht besprochen werden, um keine umsatzsteuerlichen Fristen zu vers\u00e4umen oder im schlimmsten Fall finanzstrafrechtliche Risiken auszul\u00f6sen.<\/p>\n","protected":false},"excerpt":{"rendered":"<p>Bei \u00c4nderungen an Geb\u00e4uden hinsichtlich betrieblicher oder privater Nutzung sind einige Details zu ber\u00fccksichtigen, die im folgenden Verfahrensbeispiel beschrieben werden. Dem Verfahren am Verwaltungsgerichtshof (VwGH) lag folgender Sachverhalt zugrunde: Ein Steuerpflichtiger nahm bei einem Geb\u00e4ude mit mehreren Wohnungen eine Sanierung und eine Nutzfl\u00e4chenerweiterung (Dachbodenausbau) vor. Nach Beendigung der Arbeiten nutzte er eine der Wohnungen f\u00fcr [&hellip;]<\/p>\n","protected":false},"author":6,"featured_media":6310,"comment_status":"closed","ping_status":"open","sticky":false,"template":"","format":"standard","meta":{"inline_featured_image":false,"footnotes":""},"categories":[14],"tags":[],"class_list":["post-6046","post","type-post","status-publish","format-standard","has-post-thumbnail","hentry","category-unkategorisiert"],"yoast_head":"<!-- This site is optimized with the Yoast SEO plugin v27.4 - https:\/\/yoast.com\/product\/yoast-seo-wordpress\/ -->\n<title>Vorsteuerkorrektur bei Geb\u00e4ude-Investitionen<\/title>\n<meta name=\"description\" content=\"Bei \u00c4nderungen an Geb\u00e4uden hinsichtlich betrieblicher oder privater Nutzung sind einige Details zu ber\u00fccksichtigen, die im folgenden Verfahrensbeispiel beschrieben werden.\" \/>\n<meta name=\"robots\" content=\"index, follow, max-snippet:-1, max-image-preview:large, max-video-preview:-1\" \/>\n<link rel=\"canonical\" href=\"https:\/\/area-bollenberger.at\/vorsteuerkorrektur-bei-gebaeude-investitionen\/\" \/>\n<meta property=\"og:locale\" content=\"en_US\" \/>\n<meta property=\"og:type\" content=\"article\" \/>\n<meta property=\"og:title\" content=\"Vorsteuerkorrektur bei Geb\u00e4ude-Investitionen\" \/>\n<meta property=\"og:description\" content=\"Bei \u00c4nderungen an Geb\u00e4uden hinsichtlich betrieblicher oder privater Nutzung sind einige Details zu ber\u00fccksichtigen, die im folgenden Verfahrensbeispiel beschrieben werden.\" \/>\n<meta property=\"og:url\" content=\"https:\/\/area-bollenberger.at\/vorsteuerkorrektur-bei-gebaeude-investitionen\/\" \/>\n<meta property=\"og:site_name\" content=\"Area Bollenberger\" \/>\n<meta property=\"article:publisher\" content=\"https:\/\/www.facebook.com\/Bollenberger.Bollenberger\/\" \/>\n<meta property=\"article:published_time\" content=\"2024-10-15T17:13:41+00:00\" \/>\n<meta property=\"article:modified_time\" content=\"2025-08-03T19:03:42+00:00\" \/>\n<meta property=\"og:image\" content=\"https:\/\/area-bollenberger.at\/wp-content\/uploads\/2024\/10\/Vorsteuerkorrektur-bei-Gebaude-Investitionen_web-1.jpg\" \/>\n\t<meta property=\"og:image:width\" content=\"660\" \/>\n\t<meta property=\"og:image:height\" content=\"318\" \/>\n\t<meta property=\"og:image:type\" content=\"image\/jpeg\" \/>\n<meta name=\"author\" content=\"Programmer\" \/>\n<meta name=\"twitter:card\" content=\"summary_large_image\" \/>\n<meta name=\"twitter:label1\" content=\"Written by\" \/>\n\t<meta name=\"twitter:data1\" content=\"Programmer\" \/>\n\t<meta name=\"twitter:label2\" content=\"Est. reading time\" \/>\n\t<meta name=\"twitter:data2\" content=\"3 minutes\" \/>\n<script type=\"application\/ld+json\" class=\"yoast-schema-graph\">{\"@context\":\"https:\\\/\\\/schema.org\",\"@graph\":[{\"@type\":\"Article\",\"@id\":\"https:\\\/\\\/area-bollenberger.at\\\/vorsteuerkorrektur-bei-gebaeude-investitionen\\\/#article\",\"isPartOf\":{\"@id\":\"https:\\\/\\\/area-bollenberger.at\\\/vorsteuerkorrektur-bei-gebaeude-investitionen\\\/\"},\"author\":{\"name\":\"Programmer\",\"@id\":\"https:\\\/\\\/area-bollenberger.at\\\/#\\\/schema\\\/person\\\/20352707a97ff830a14845de19948b88\"},\"headline\":\"Vorsteuerkorrektur bei Geb\u00e4ude-Investitionen\",\"datePublished\":\"2024-10-15T17:13:41+00:00\",\"dateModified\":\"2025-08-03T19:03:42+00:00\",\"mainEntityOfPage\":{\"@id\":\"https:\\\/\\\/area-bollenberger.at\\\/vorsteuerkorrektur-bei-gebaeude-investitionen\\\/\"},\"wordCount\":487,\"image\":{\"@id\":\"https:\\\/\\\/area-bollenberger.at\\\/vorsteuerkorrektur-bei-gebaeude-investitionen\\\/#primaryimage\"},\"thumbnailUrl\":\"https:\\\/\\\/area-bollenberger.at\\\/wp-content\\\/uploads\\\/2024\\\/10\\\/Vorsteuerkorrektur-bei-Gebaude-Investitionen_web-1.jpg\",\"articleSection\":[\"Unkategorisiert\"],\"inLanguage\":\"en-US\"},{\"@type\":\"WebPage\",\"@id\":\"https:\\\/\\\/area-bollenberger.at\\\/vorsteuerkorrektur-bei-gebaeude-investitionen\\\/\",\"url\":\"https:\\\/\\\/area-bollenberger.at\\\/vorsteuerkorrektur-bei-gebaeude-investitionen\\\/\",\"name\":\"Vorsteuerkorrektur bei Geb\u00e4ude-Investitionen\",\"isPartOf\":{\"@id\":\"https:\\\/\\\/area-bollenberger.at\\\/#website\"},\"primaryImageOfPage\":{\"@id\":\"https:\\\/\\\/area-bollenberger.at\\\/vorsteuerkorrektur-bei-gebaeude-investitionen\\\/#primaryimage\"},\"image\":{\"@id\":\"https:\\\/\\\/area-bollenberger.at\\\/vorsteuerkorrektur-bei-gebaeude-investitionen\\\/#primaryimage\"},\"thumbnailUrl\":\"https:\\\/\\\/area-bollenberger.at\\\/wp-content\\\/uploads\\\/2024\\\/10\\\/Vorsteuerkorrektur-bei-Gebaude-Investitionen_web-1.jpg\",\"datePublished\":\"2024-10-15T17:13:41+00:00\",\"dateModified\":\"2025-08-03T19:03:42+00:00\",\"author\":{\"@id\":\"https:\\\/\\\/area-bollenberger.at\\\/#\\\/schema\\\/person\\\/20352707a97ff830a14845de19948b88\"},\"description\":\"Bei \u00c4nderungen an Geb\u00e4uden hinsichtlich betrieblicher oder privater Nutzung sind einige Details zu ber\u00fccksichtigen, die im folgenden Verfahrensbeispiel beschrieben werden.\",\"breadcrumb\":{\"@id\":\"https:\\\/\\\/area-bollenberger.at\\\/vorsteuerkorrektur-bei-gebaeude-investitionen\\\/#breadcrumb\"},\"inLanguage\":\"en-US\",\"potentialAction\":[{\"@type\":\"ReadAction\",\"target\":[\"https:\\\/\\\/area-bollenberger.at\\\/vorsteuerkorrektur-bei-gebaeude-investitionen\\\/\"]}]},{\"@type\":\"ImageObject\",\"inLanguage\":\"en-US\",\"@id\":\"https:\\\/\\\/area-bollenberger.at\\\/vorsteuerkorrektur-bei-gebaeude-investitionen\\\/#primaryimage\",\"url\":\"https:\\\/\\\/area-bollenberger.at\\\/wp-content\\\/uploads\\\/2024\\\/10\\\/Vorsteuerkorrektur-bei-Gebaude-Investitionen_web-1.jpg\",\"contentUrl\":\"https:\\\/\\\/area-bollenberger.at\\\/wp-content\\\/uploads\\\/2024\\\/10\\\/Vorsteuerkorrektur-bei-Gebaude-Investitionen_web-1.jpg\",\"width\":660,\"height\":318},{\"@type\":\"BreadcrumbList\",\"@id\":\"https:\\\/\\\/area-bollenberger.at\\\/vorsteuerkorrektur-bei-gebaeude-investitionen\\\/#breadcrumb\",\"itemListElement\":[{\"@type\":\"ListItem\",\"position\":1,\"name\":\"Start\",\"item\":\"https:\\\/\\\/area-bollenberger.at\\\/en\\\/\"},{\"@type\":\"ListItem\",\"position\":2,\"name\":\"Vorsteuerkorrektur bei Geb\u00e4ude-Investitionen\"}]},{\"@type\":\"WebSite\",\"@id\":\"https:\\\/\\\/area-bollenberger.at\\\/#website\",\"url\":\"https:\\\/\\\/area-bollenberger.at\\\/\",\"name\":\"Area Bollenberger\",\"description\":\"Ihr Steuerberater in Wiener Neustadt, Wien, Graz, Purkersdorf\",\"potentialAction\":[{\"@type\":\"SearchAction\",\"target\":{\"@type\":\"EntryPoint\",\"urlTemplate\":\"https:\\\/\\\/area-bollenberger.at\\\/?s={search_term_string}\"},\"query-input\":{\"@type\":\"PropertyValueSpecification\",\"valueRequired\":true,\"valueName\":\"search_term_string\"}}],\"inLanguage\":\"en-US\"},{\"@type\":\"Person\",\"@id\":\"https:\\\/\\\/area-bollenberger.at\\\/#\\\/schema\\\/person\\\/20352707a97ff830a14845de19948b88\",\"name\":\"Programmer\",\"image\":{\"@type\":\"ImageObject\",\"inLanguage\":\"en-US\",\"@id\":\"https:\\\/\\\/secure.gravatar.com\\\/avatar\\\/32a5fef8e085a355e1185a47fe3fab2c6e582bf7eefcf7bc8cefef9fff0682b4?s=96&d=mm&r=g\",\"url\":\"https:\\\/\\\/secure.gravatar.com\\\/avatar\\\/32a5fef8e085a355e1185a47fe3fab2c6e582bf7eefcf7bc8cefef9fff0682b4?s=96&d=mm&r=g\",\"contentUrl\":\"https:\\\/\\\/secure.gravatar.com\\\/avatar\\\/32a5fef8e085a355e1185a47fe3fab2c6e582bf7eefcf7bc8cefef9fff0682b4?s=96&d=mm&r=g\",\"caption\":\"Programmer\"},\"url\":\"https:\\\/\\\/area-bollenberger.at\\\/en\\\/author\\\/programmer\\\/\"}]}<\/script>\n<!-- \/ Yoast SEO plugin. -->","yoast_head_json":{"title":"Vorsteuerkorrektur bei Geb\u00e4ude-Investitionen","description":"Bei \u00c4nderungen an Geb\u00e4uden hinsichtlich betrieblicher oder privater Nutzung sind einige Details zu ber\u00fccksichtigen, die im folgenden Verfahrensbeispiel beschrieben werden.","robots":{"index":"index","follow":"follow","max-snippet":"max-snippet:-1","max-image-preview":"max-image-preview:large","max-video-preview":"max-video-preview:-1"},"canonical":"https:\/\/area-bollenberger.at\/vorsteuerkorrektur-bei-gebaeude-investitionen\/","og_locale":"en_US","og_type":"article","og_title":"Vorsteuerkorrektur bei Geb\u00e4ude-Investitionen","og_description":"Bei \u00c4nderungen an Geb\u00e4uden hinsichtlich betrieblicher oder privater Nutzung sind einige Details zu ber\u00fccksichtigen, die im folgenden Verfahrensbeispiel beschrieben werden.","og_url":"https:\/\/area-bollenberger.at\/vorsteuerkorrektur-bei-gebaeude-investitionen\/","og_site_name":"Area Bollenberger","article_publisher":"https:\/\/www.facebook.com\/Bollenberger.Bollenberger\/","article_published_time":"2024-10-15T17:13:41+00:00","article_modified_time":"2025-08-03T19:03:42+00:00","og_image":[{"width":660,"height":318,"url":"https:\/\/area-bollenberger.at\/wp-content\/uploads\/2024\/10\/Vorsteuerkorrektur-bei-Gebaude-Investitionen_web-1.jpg","type":"image\/jpeg"}],"author":"Programmer","twitter_card":"summary_large_image","twitter_misc":{"Written by":"Programmer","Est. reading time":"3 minutes"},"schema":{"@context":"https:\/\/schema.org","@graph":[{"@type":"Article","@id":"https:\/\/area-bollenberger.at\/vorsteuerkorrektur-bei-gebaeude-investitionen\/#article","isPartOf":{"@id":"https:\/\/area-bollenberger.at\/vorsteuerkorrektur-bei-gebaeude-investitionen\/"},"author":{"name":"Programmer","@id":"https:\/\/area-bollenberger.at\/#\/schema\/person\/20352707a97ff830a14845de19948b88"},"headline":"Vorsteuerkorrektur bei Geb\u00e4ude-Investitionen","datePublished":"2024-10-15T17:13:41+00:00","dateModified":"2025-08-03T19:03:42+00:00","mainEntityOfPage":{"@id":"https:\/\/area-bollenberger.at\/vorsteuerkorrektur-bei-gebaeude-investitionen\/"},"wordCount":487,"image":{"@id":"https:\/\/area-bollenberger.at\/vorsteuerkorrektur-bei-gebaeude-investitionen\/#primaryimage"},"thumbnailUrl":"https:\/\/area-bollenberger.at\/wp-content\/uploads\/2024\/10\/Vorsteuerkorrektur-bei-Gebaude-Investitionen_web-1.jpg","articleSection":["Unkategorisiert"],"inLanguage":"en-US"},{"@type":"WebPage","@id":"https:\/\/area-bollenberger.at\/vorsteuerkorrektur-bei-gebaeude-investitionen\/","url":"https:\/\/area-bollenberger.at\/vorsteuerkorrektur-bei-gebaeude-investitionen\/","name":"Vorsteuerkorrektur bei Geb\u00e4ude-Investitionen","isPartOf":{"@id":"https:\/\/area-bollenberger.at\/#website"},"primaryImageOfPage":{"@id":"https:\/\/area-bollenberger.at\/vorsteuerkorrektur-bei-gebaeude-investitionen\/#primaryimage"},"image":{"@id":"https:\/\/area-bollenberger.at\/vorsteuerkorrektur-bei-gebaeude-investitionen\/#primaryimage"},"thumbnailUrl":"https:\/\/area-bollenberger.at\/wp-content\/uploads\/2024\/10\/Vorsteuerkorrektur-bei-Gebaude-Investitionen_web-1.jpg","datePublished":"2024-10-15T17:13:41+00:00","dateModified":"2025-08-03T19:03:42+00:00","author":{"@id":"https:\/\/area-bollenberger.at\/#\/schema\/person\/20352707a97ff830a14845de19948b88"},"description":"Bei \u00c4nderungen an Geb\u00e4uden hinsichtlich betrieblicher oder privater Nutzung sind einige Details zu ber\u00fccksichtigen, die im folgenden Verfahrensbeispiel beschrieben werden.","breadcrumb":{"@id":"https:\/\/area-bollenberger.at\/vorsteuerkorrektur-bei-gebaeude-investitionen\/#breadcrumb"},"inLanguage":"en-US","potentialAction":[{"@type":"ReadAction","target":["https:\/\/area-bollenberger.at\/vorsteuerkorrektur-bei-gebaeude-investitionen\/"]}]},{"@type":"ImageObject","inLanguage":"en-US","@id":"https:\/\/area-bollenberger.at\/vorsteuerkorrektur-bei-gebaeude-investitionen\/#primaryimage","url":"https:\/\/area-bollenberger.at\/wp-content\/uploads\/2024\/10\/Vorsteuerkorrektur-bei-Gebaude-Investitionen_web-1.jpg","contentUrl":"https:\/\/area-bollenberger.at\/wp-content\/uploads\/2024\/10\/Vorsteuerkorrektur-bei-Gebaude-Investitionen_web-1.jpg","width":660,"height":318},{"@type":"BreadcrumbList","@id":"https:\/\/area-bollenberger.at\/vorsteuerkorrektur-bei-gebaeude-investitionen\/#breadcrumb","itemListElement":[{"@type":"ListItem","position":1,"name":"Start","item":"https:\/\/area-bollenberger.at\/en\/"},{"@type":"ListItem","position":2,"name":"Vorsteuerkorrektur bei Geb\u00e4ude-Investitionen"}]},{"@type":"WebSite","@id":"https:\/\/area-bollenberger.at\/#website","url":"https:\/\/area-bollenberger.at\/","name":"Area Bollenberger","description":"Ihr Steuerberater in Wiener Neustadt, Wien, Graz, Purkersdorf","potentialAction":[{"@type":"SearchAction","target":{"@type":"EntryPoint","urlTemplate":"https:\/\/area-bollenberger.at\/?s={search_term_string}"},"query-input":{"@type":"PropertyValueSpecification","valueRequired":true,"valueName":"search_term_string"}}],"inLanguage":"en-US"},{"@type":"Person","@id":"https:\/\/area-bollenberger.at\/#\/schema\/person\/20352707a97ff830a14845de19948b88","name":"Programmer","image":{"@type":"ImageObject","inLanguage":"en-US","@id":"https:\/\/secure.gravatar.com\/avatar\/32a5fef8e085a355e1185a47fe3fab2c6e582bf7eefcf7bc8cefef9fff0682b4?s=96&d=mm&r=g","url":"https:\/\/secure.gravatar.com\/avatar\/32a5fef8e085a355e1185a47fe3fab2c6e582bf7eefcf7bc8cefef9fff0682b4?s=96&d=mm&r=g","contentUrl":"https:\/\/secure.gravatar.com\/avatar\/32a5fef8e085a355e1185a47fe3fab2c6e582bf7eefcf7bc8cefef9fff0682b4?s=96&d=mm&r=g","caption":"Programmer"},"url":"https:\/\/area-bollenberger.at\/en\/author\/programmer\/"}]}},"_links":{"self":[{"href":"https:\/\/area-bollenberger.at\/en\/wp-json\/wp\/v2\/posts\/6046","targetHints":{"allow":["GET"]}}],"collection":[{"href":"https:\/\/area-bollenberger.at\/en\/wp-json\/wp\/v2\/posts"}],"about":[{"href":"https:\/\/area-bollenberger.at\/en\/wp-json\/wp\/v2\/types\/post"}],"author":[{"embeddable":true,"href":"https:\/\/area-bollenberger.at\/en\/wp-json\/wp\/v2\/users\/6"}],"replies":[{"embeddable":true,"href":"https:\/\/area-bollenberger.at\/en\/wp-json\/wp\/v2\/comments?post=6046"}],"version-history":[{"count":1,"href":"https:\/\/area-bollenberger.at\/en\/wp-json\/wp\/v2\/posts\/6046\/revisions"}],"predecessor-version":[{"id":6958,"href":"https:\/\/area-bollenberger.at\/en\/wp-json\/wp\/v2\/posts\/6046\/revisions\/6958"}],"wp:featuredmedia":[{"embeddable":true,"href":"https:\/\/area-bollenberger.at\/en\/wp-json\/wp\/v2\/media\/6310"}],"wp:attachment":[{"href":"https:\/\/area-bollenberger.at\/en\/wp-json\/wp\/v2\/media?parent=6046"}],"wp:term":[{"taxonomy":"category","embeddable":true,"href":"https:\/\/area-bollenberger.at\/en\/wp-json\/wp\/v2\/categories?post=6046"},{"taxonomy":"post_tag","embeddable":true,"href":"https:\/\/area-bollenberger.at\/en\/wp-json\/wp\/v2\/tags?post=6046"}],"curies":[{"name":"wp","href":"https:\/\/api.w.org\/{rel}","templated":true}]}}