{"id":5822,"date":"2024-04-16T09:17:29","date_gmt":"2024-04-16T09:17:29","guid":{"rendered":"https:\/\/area-bollenberger.at\/?p=5822"},"modified":"2025-08-03T21:03:43","modified_gmt":"2025-08-03T19:03:43","slug":"vorbereitungsphase-einer-gewerblichen-taetigkeit","status":"publish","type":"post","link":"https:\/\/area-bollenberger.at\/en\/vorbereitungsphase-einer-gewerblichen-taetigkeit\/","title":{"rendered":"Vorbereitungsphase einer gewerblichen T\u00e4tigkeit"},"content":{"rendered":"\n<p>Der Verwaltungsgerichtshof (VwGH) zur einkommensteuerlichen Qualifizierung einer Gefl\u00fcgelmast.<\/p>\n\n\n\n<p>Der von der gegenst\u00e4ndlichen VwGH-Entscheidung betroffene Unternehmer bzw. i.w.F. Revisionswerber f\u00fchrte sowohl vor 2012 als auch in den Streitjahren (2012 bis 2015) eine Gefl\u00fcgelmast als land- und forstwirtschaftlichen Betrieb. Im Jahr 2012 wurde eine neue Stallung errichtet, was die m\u00f6gliche Anzahl der gehaltenen H\u00fchner mehr als verdoppelte. Im Jahr 2016 erkl\u00e4rte der Revisionswerber f\u00fcr die Jahre 2012 bis 2015 Eink\u00fcnfte aus Gewerbebetrieb und begr\u00fcndete die Umqualifizierung der Eink\u00fcnfte mit der Errichtung des neuen Stalles. Strittig war daher, ob der Revisionswerber einen Strukturwandel vollzogen hat, der eine Umqualifizierung von Eink\u00fcnften aus Land- und Forstwirtschaft zu Eink\u00fcnften aus Gewerbebetrieb nach sich gezogen h\u00e4tte.<\/p>\n\n\n\n<p>Grunds\u00e4tzlich kann eine Umqualifizierung von Eink\u00fcnften aus Land- und Forstwirtschaft zu Eink\u00fcnften aus Gewerbebetrieb flie\u00dfend oder sofort vollzogen werden. F\u00fcr den allm\u00e4hlichen Wandel bedarf es sowohl einer objektiven \u00dcberschreitung der im Bewertungsgesetz (BewG) festgelegten H\u00f6chstgrenzen der Haltung von Nutztieren, als auch einen subjektiven Willen, eine gewerbliche T\u00e4tigkeit aufzunehmen. F\u00fcr einen sofortigen Strukturwandel sind eindeutige und erhebliche Ma\u00dfnahmen erforderlich.<\/p>\n\n\n\n<p><strong>Struktur\u00e4nderung nicht beabsichtigt<\/strong><\/p>\n\n\n\n<p>Der Revisionswerber erkl\u00e4rte erst vier Jahre nach Errichtung der Stallung Eink\u00fcnfte aus Gewerbebetrieb. Dies begr\u00fcndete er damit, dass dem Unternehmer erst sp\u00e4ter durch Zeitungslekt\u00fcren und dem Hinweis eines Berufskollegen bewusst geworden sei, dass seine T\u00e4tigkeit nicht mehr als Land- und Forstwirtschaft anzusehen sei. Das Finanzamt sowie das BFG vertraten daher die Meinung, dass vom Revisionswerber keine \u00c4nderung der Betriebsstruktur beabsichtigt gewesen sei. Vielmehr habe er den neuen Stall errichtet, ohne die damit verbundenen steuerrechtlichen Konsequenzen zu bedenken oder diese bewirken zu wollen. Die Errichtung sei vielmehr aus reinen Praktikabilit\u00e4tsgr\u00fcnden erfolgt. Es fehlte demnach am subjektiven Willen zum Strukturwandel.<\/p>\n\n\n\n<p><strong>Tats\u00e4chlich gesetzte Ma\u00dfnahmen relevant<\/strong><\/p>\n\n\n\n<p>Auch wenn der Revisionswerber keinen Strukturwandel der Gefl\u00fcgelmast bewusst herbeif\u00fchren wollte, kann es objektiv trotzdem dazu gekommen sein. Daher sind die tats\u00e4chlich gesetzten Ma\u00dfnahmen relevant. Grunds\u00e4tzlich ist die Errichtung eines neuen Stalles und die damit verbundene Verdoppelung der Produktionskapazit\u00e4t eine Ma\u00dfnahme, die dazu geeignet ist, einen sofortigen Strukturwandel zu bewirken, wenn diese Produktionskapazit\u00e4t auch tats\u00e4chlich genutzt wird. Dies war hier nicht der Fall. Es ist zwar 2013 eine deutlich erh\u00f6hte Produktion erfolgt, 2014 und 2015 sind die produzierten Vieheinheiten aber wieder stark zur\u00fcckgegangen. Die durch die Errichtung des Stalles neu geschaffenen Produktionskapazit\u00e4ten sind damit zu einem erheblichen Teil ungenutzt geblieben. Es liegt daher kein sofortiger Strukturwandel vor, sondern eine allm\u00e4hliche wirtschaftlich notwendige Produktionssteigerung.<\/p>\n\n\n\n<p><strong>Entscheidung und Konsequenz f\u00fcr den Steuerpflichtigen<\/strong><\/p>\n\n\n\n<p>Die Qualifizierung der Eink\u00fcnfte aus dem Gefl\u00fcgelmastbetrieb war wesentlich f\u00fcr den Versuch um Festsetzung von Umsatzsteuergutschriften: Denn die Frist f\u00fcr den Antrag auf Regelbesteuerung in der Umsatzsteuer war vers\u00e4umt und h\u00e4tte nur \u00fcber die Anerkennung des Gefl\u00fcgelmastbetriebs als Gewerbebetrieb aufgehoben werden k\u00f6nnen. Diesem Begehren wurde in einer Gesamtbeurteilung der Umst\u00e4nde vom BFG und vom VwGH eine Absage erteilt.<\/p>\n\n\n\n<p><strong>Fazit:<\/strong><br>Die Zuordnung einer T\u00e4tigkeit zu einer Einkunftsart hat unter Umst\u00e4nden Bedeutung f\u00fcr andere steuerliche Regelungen. Sprechen Sie daher fr\u00fchzeitig \u00fcber beabsichtigte \u00c4nderungen bei Ihren T\u00e4tigkeiten zur Einkommenserzielung.<\/p>\n","protected":false},"excerpt":{"rendered":"<p>Der Verwaltungsgerichtshof (VwGH) zur einkommensteuerlichen Qualifizierung einer Gefl\u00fcgelmast. Der von der gegenst\u00e4ndlichen VwGH-Entscheidung betroffene Unternehmer bzw. i.w.F. Revisionswerber f\u00fchrte sowohl vor 2012 als auch in den Streitjahren (2012 bis 2015) eine Gefl\u00fcgelmast als land- und forstwirtschaftlichen Betrieb. Im Jahr 2012 wurde eine neue Stallung errichtet, was die m\u00f6gliche Anzahl der gehaltenen H\u00fchner mehr als verdoppelte. [&hellip;]<\/p>\n","protected":false},"author":6,"featured_media":5843,"comment_status":"closed","ping_status":"open","sticky":false,"template":"","format":"standard","meta":{"inline_featured_image":false,"footnotes":""},"categories":[14],"tags":[],"class_list":["post-5822","post","type-post","status-publish","format-standard","has-post-thumbnail","hentry","category-unkategorisiert"],"yoast_head":"<!-- This site is optimized with the Yoast SEO plugin v27.4 - https:\/\/yoast.com\/product\/yoast-seo-wordpress\/ -->\n<title>Vorbereitungsphase einer gewerblichen T\u00e4tigkeit<\/title>\n<meta name=\"description\" content=\"Der Verwaltungsgerichtshof (VwGH) zur einkommensteuerlichen Qualifizierung einer Gefl\u00fcgelmast.\" \/>\n<meta name=\"robots\" content=\"index, follow, max-snippet:-1, max-image-preview:large, max-video-preview:-1\" \/>\n<link rel=\"canonical\" href=\"https:\/\/area-bollenberger.at\/vorbereitungsphase-einer-gewerblichen-taetigkeit\/\" \/>\n<meta property=\"og:locale\" content=\"en_US\" \/>\n<meta property=\"og:type\" content=\"article\" \/>\n<meta property=\"og:title\" content=\"Vorbereitungsphase einer gewerblichen T\u00e4tigkeit\" \/>\n<meta property=\"og:description\" content=\"Der Verwaltungsgerichtshof (VwGH) zur einkommensteuerlichen Qualifizierung einer Gefl\u00fcgelmast.\" \/>\n<meta property=\"og:url\" content=\"https:\/\/area-bollenberger.at\/vorbereitungsphase-einer-gewerblichen-taetigkeit\/\" \/>\n<meta property=\"og:site_name\" content=\"Area Bollenberger\" \/>\n<meta property=\"article:publisher\" content=\"https:\/\/www.facebook.com\/Bollenberger.Bollenberger\/\" \/>\n<meta property=\"article:published_time\" content=\"2024-04-16T09:17:29+00:00\" \/>\n<meta property=\"article:modified_time\" content=\"2025-08-03T19:03:43+00:00\" \/>\n<meta property=\"og:image\" content=\"https:\/\/area-bollenberger.at\/wp-content\/uploads\/2024\/04\/WEB.jpg\" \/>\n\t<meta property=\"og:image:width\" content=\"660\" \/>\n\t<meta property=\"og:image:height\" content=\"318\" \/>\n\t<meta property=\"og:image:type\" content=\"image\/jpeg\" \/>\n<meta name=\"author\" content=\"Programmer\" \/>\n<meta name=\"twitter:card\" content=\"summary_large_image\" \/>\n<meta name=\"twitter:label1\" content=\"Written by\" \/>\n\t<meta name=\"twitter:data1\" content=\"Programmer\" \/>\n\t<meta name=\"twitter:label2\" content=\"Est. reading time\" \/>\n\t<meta name=\"twitter:data2\" content=\"3 minutes\" \/>\n<script type=\"application\/ld+json\" class=\"yoast-schema-graph\">{\"@context\":\"https:\\\/\\\/schema.org\",\"@graph\":[{\"@type\":\"Article\",\"@id\":\"https:\\\/\\\/area-bollenberger.at\\\/vorbereitungsphase-einer-gewerblichen-taetigkeit\\\/#article\",\"isPartOf\":{\"@id\":\"https:\\\/\\\/area-bollenberger.at\\\/vorbereitungsphase-einer-gewerblichen-taetigkeit\\\/\"},\"author\":{\"name\":\"Programmer\",\"@id\":\"https:\\\/\\\/area-bollenberger.at\\\/#\\\/schema\\\/person\\\/20352707a97ff830a14845de19948b88\"},\"headline\":\"Vorbereitungsphase einer gewerblichen T\u00e4tigkeit\",\"datePublished\":\"2024-04-16T09:17:29+00:00\",\"dateModified\":\"2025-08-03T19:03:43+00:00\",\"mainEntityOfPage\":{\"@id\":\"https:\\\/\\\/area-bollenberger.at\\\/vorbereitungsphase-einer-gewerblichen-taetigkeit\\\/\"},\"wordCount\":537,\"image\":{\"@id\":\"https:\\\/\\\/area-bollenberger.at\\\/vorbereitungsphase-einer-gewerblichen-taetigkeit\\\/#primaryimage\"},\"thumbnailUrl\":\"https:\\\/\\\/area-bollenberger.at\\\/wp-content\\\/uploads\\\/2024\\\/04\\\/WEB.jpg\",\"articleSection\":[\"Unkategorisiert\"],\"inLanguage\":\"en-US\"},{\"@type\":\"WebPage\",\"@id\":\"https:\\\/\\\/area-bollenberger.at\\\/vorbereitungsphase-einer-gewerblichen-taetigkeit\\\/\",\"url\":\"https:\\\/\\\/area-bollenberger.at\\\/vorbereitungsphase-einer-gewerblichen-taetigkeit\\\/\",\"name\":\"Vorbereitungsphase einer gewerblichen T\u00e4tigkeit\",\"isPartOf\":{\"@id\":\"https:\\\/\\\/area-bollenberger.at\\\/#website\"},\"primaryImageOfPage\":{\"@id\":\"https:\\\/\\\/area-bollenberger.at\\\/vorbereitungsphase-einer-gewerblichen-taetigkeit\\\/#primaryimage\"},\"image\":{\"@id\":\"https:\\\/\\\/area-bollenberger.at\\\/vorbereitungsphase-einer-gewerblichen-taetigkeit\\\/#primaryimage\"},\"thumbnailUrl\":\"https:\\\/\\\/area-bollenberger.at\\\/wp-content\\\/uploads\\\/2024\\\/04\\\/WEB.jpg\",\"datePublished\":\"2024-04-16T09:17:29+00:00\",\"dateModified\":\"2025-08-03T19:03:43+00:00\",\"author\":{\"@id\":\"https:\\\/\\\/area-bollenberger.at\\\/#\\\/schema\\\/person\\\/20352707a97ff830a14845de19948b88\"},\"description\":\"Der Verwaltungsgerichtshof (VwGH) zur einkommensteuerlichen Qualifizierung einer Gefl\u00fcgelmast.\",\"breadcrumb\":{\"@id\":\"https:\\\/\\\/area-bollenberger.at\\\/vorbereitungsphase-einer-gewerblichen-taetigkeit\\\/#breadcrumb\"},\"inLanguage\":\"en-US\",\"potentialAction\":[{\"@type\":\"ReadAction\",\"target\":[\"https:\\\/\\\/area-bollenberger.at\\\/vorbereitungsphase-einer-gewerblichen-taetigkeit\\\/\"]}]},{\"@type\":\"ImageObject\",\"inLanguage\":\"en-US\",\"@id\":\"https:\\\/\\\/area-bollenberger.at\\\/vorbereitungsphase-einer-gewerblichen-taetigkeit\\\/#primaryimage\",\"url\":\"https:\\\/\\\/area-bollenberger.at\\\/wp-content\\\/uploads\\\/2024\\\/04\\\/WEB.jpg\",\"contentUrl\":\"https:\\\/\\\/area-bollenberger.at\\\/wp-content\\\/uploads\\\/2024\\\/04\\\/WEB.jpg\",\"width\":660,\"height\":318},{\"@type\":\"BreadcrumbList\",\"@id\":\"https:\\\/\\\/area-bollenberger.at\\\/vorbereitungsphase-einer-gewerblichen-taetigkeit\\\/#breadcrumb\",\"itemListElement\":[{\"@type\":\"ListItem\",\"position\":1,\"name\":\"Start\",\"item\":\"https:\\\/\\\/area-bollenberger.at\\\/en\\\/\"},{\"@type\":\"ListItem\",\"position\":2,\"name\":\"Vorbereitungsphase einer gewerblichen T\u00e4tigkeit\"}]},{\"@type\":\"WebSite\",\"@id\":\"https:\\\/\\\/area-bollenberger.at\\\/#website\",\"url\":\"https:\\\/\\\/area-bollenberger.at\\\/\",\"name\":\"Area Bollenberger\",\"description\":\"Ihr Steuerberater in Wiener Neustadt, Wien, Graz, Purkersdorf\",\"potentialAction\":[{\"@type\":\"SearchAction\",\"target\":{\"@type\":\"EntryPoint\",\"urlTemplate\":\"https:\\\/\\\/area-bollenberger.at\\\/?s={search_term_string}\"},\"query-input\":{\"@type\":\"PropertyValueSpecification\",\"valueRequired\":true,\"valueName\":\"search_term_string\"}}],\"inLanguage\":\"en-US\"},{\"@type\":\"Person\",\"@id\":\"https:\\\/\\\/area-bollenberger.at\\\/#\\\/schema\\\/person\\\/20352707a97ff830a14845de19948b88\",\"name\":\"Programmer\",\"image\":{\"@type\":\"ImageObject\",\"inLanguage\":\"en-US\",\"@id\":\"https:\\\/\\\/secure.gravatar.com\\\/avatar\\\/32a5fef8e085a355e1185a47fe3fab2c6e582bf7eefcf7bc8cefef9fff0682b4?s=96&d=mm&r=g\",\"url\":\"https:\\\/\\\/secure.gravatar.com\\\/avatar\\\/32a5fef8e085a355e1185a47fe3fab2c6e582bf7eefcf7bc8cefef9fff0682b4?s=96&d=mm&r=g\",\"contentUrl\":\"https:\\\/\\\/secure.gravatar.com\\\/avatar\\\/32a5fef8e085a355e1185a47fe3fab2c6e582bf7eefcf7bc8cefef9fff0682b4?s=96&d=mm&r=g\",\"caption\":\"Programmer\"},\"url\":\"https:\\\/\\\/area-bollenberger.at\\\/en\\\/author\\\/programmer\\\/\"}]}<\/script>\n<!-- \/ Yoast SEO plugin. -->","yoast_head_json":{"title":"Vorbereitungsphase einer gewerblichen T\u00e4tigkeit","description":"Der Verwaltungsgerichtshof (VwGH) zur einkommensteuerlichen Qualifizierung einer Gefl\u00fcgelmast.","robots":{"index":"index","follow":"follow","max-snippet":"max-snippet:-1","max-image-preview":"max-image-preview:large","max-video-preview":"max-video-preview:-1"},"canonical":"https:\/\/area-bollenberger.at\/vorbereitungsphase-einer-gewerblichen-taetigkeit\/","og_locale":"en_US","og_type":"article","og_title":"Vorbereitungsphase einer gewerblichen T\u00e4tigkeit","og_description":"Der Verwaltungsgerichtshof (VwGH) zur einkommensteuerlichen Qualifizierung einer Gefl\u00fcgelmast.","og_url":"https:\/\/area-bollenberger.at\/vorbereitungsphase-einer-gewerblichen-taetigkeit\/","og_site_name":"Area Bollenberger","article_publisher":"https:\/\/www.facebook.com\/Bollenberger.Bollenberger\/","article_published_time":"2024-04-16T09:17:29+00:00","article_modified_time":"2025-08-03T19:03:43+00:00","og_image":[{"width":660,"height":318,"url":"https:\/\/area-bollenberger.at\/wp-content\/uploads\/2024\/04\/WEB.jpg","type":"image\/jpeg"}],"author":"Programmer","twitter_card":"summary_large_image","twitter_misc":{"Written by":"Programmer","Est. reading time":"3 minutes"},"schema":{"@context":"https:\/\/schema.org","@graph":[{"@type":"Article","@id":"https:\/\/area-bollenberger.at\/vorbereitungsphase-einer-gewerblichen-taetigkeit\/#article","isPartOf":{"@id":"https:\/\/area-bollenberger.at\/vorbereitungsphase-einer-gewerblichen-taetigkeit\/"},"author":{"name":"Programmer","@id":"https:\/\/area-bollenberger.at\/#\/schema\/person\/20352707a97ff830a14845de19948b88"},"headline":"Vorbereitungsphase einer gewerblichen T\u00e4tigkeit","datePublished":"2024-04-16T09:17:29+00:00","dateModified":"2025-08-03T19:03:43+00:00","mainEntityOfPage":{"@id":"https:\/\/area-bollenberger.at\/vorbereitungsphase-einer-gewerblichen-taetigkeit\/"},"wordCount":537,"image":{"@id":"https:\/\/area-bollenberger.at\/vorbereitungsphase-einer-gewerblichen-taetigkeit\/#primaryimage"},"thumbnailUrl":"https:\/\/area-bollenberger.at\/wp-content\/uploads\/2024\/04\/WEB.jpg","articleSection":["Unkategorisiert"],"inLanguage":"en-US"},{"@type":"WebPage","@id":"https:\/\/area-bollenberger.at\/vorbereitungsphase-einer-gewerblichen-taetigkeit\/","url":"https:\/\/area-bollenberger.at\/vorbereitungsphase-einer-gewerblichen-taetigkeit\/","name":"Vorbereitungsphase einer gewerblichen T\u00e4tigkeit","isPartOf":{"@id":"https:\/\/area-bollenberger.at\/#website"},"primaryImageOfPage":{"@id":"https:\/\/area-bollenberger.at\/vorbereitungsphase-einer-gewerblichen-taetigkeit\/#primaryimage"},"image":{"@id":"https:\/\/area-bollenberger.at\/vorbereitungsphase-einer-gewerblichen-taetigkeit\/#primaryimage"},"thumbnailUrl":"https:\/\/area-bollenberger.at\/wp-content\/uploads\/2024\/04\/WEB.jpg","datePublished":"2024-04-16T09:17:29+00:00","dateModified":"2025-08-03T19:03:43+00:00","author":{"@id":"https:\/\/area-bollenberger.at\/#\/schema\/person\/20352707a97ff830a14845de19948b88"},"description":"Der Verwaltungsgerichtshof (VwGH) zur einkommensteuerlichen Qualifizierung einer Gefl\u00fcgelmast.","breadcrumb":{"@id":"https:\/\/area-bollenberger.at\/vorbereitungsphase-einer-gewerblichen-taetigkeit\/#breadcrumb"},"inLanguage":"en-US","potentialAction":[{"@type":"ReadAction","target":["https:\/\/area-bollenberger.at\/vorbereitungsphase-einer-gewerblichen-taetigkeit\/"]}]},{"@type":"ImageObject","inLanguage":"en-US","@id":"https:\/\/area-bollenberger.at\/vorbereitungsphase-einer-gewerblichen-taetigkeit\/#primaryimage","url":"https:\/\/area-bollenberger.at\/wp-content\/uploads\/2024\/04\/WEB.jpg","contentUrl":"https:\/\/area-bollenberger.at\/wp-content\/uploads\/2024\/04\/WEB.jpg","width":660,"height":318},{"@type":"BreadcrumbList","@id":"https:\/\/area-bollenberger.at\/vorbereitungsphase-einer-gewerblichen-taetigkeit\/#breadcrumb","itemListElement":[{"@type":"ListItem","position":1,"name":"Start","item":"https:\/\/area-bollenberger.at\/en\/"},{"@type":"ListItem","position":2,"name":"Vorbereitungsphase einer gewerblichen T\u00e4tigkeit"}]},{"@type":"WebSite","@id":"https:\/\/area-bollenberger.at\/#website","url":"https:\/\/area-bollenberger.at\/","name":"Area Bollenberger","description":"Ihr Steuerberater in Wiener Neustadt, Wien, Graz, Purkersdorf","potentialAction":[{"@type":"SearchAction","target":{"@type":"EntryPoint","urlTemplate":"https:\/\/area-bollenberger.at\/?s={search_term_string}"},"query-input":{"@type":"PropertyValueSpecification","valueRequired":true,"valueName":"search_term_string"}}],"inLanguage":"en-US"},{"@type":"Person","@id":"https:\/\/area-bollenberger.at\/#\/schema\/person\/20352707a97ff830a14845de19948b88","name":"Programmer","image":{"@type":"ImageObject","inLanguage":"en-US","@id":"https:\/\/secure.gravatar.com\/avatar\/32a5fef8e085a355e1185a47fe3fab2c6e582bf7eefcf7bc8cefef9fff0682b4?s=96&d=mm&r=g","url":"https:\/\/secure.gravatar.com\/avatar\/32a5fef8e085a355e1185a47fe3fab2c6e582bf7eefcf7bc8cefef9fff0682b4?s=96&d=mm&r=g","contentUrl":"https:\/\/secure.gravatar.com\/avatar\/32a5fef8e085a355e1185a47fe3fab2c6e582bf7eefcf7bc8cefef9fff0682b4?s=96&d=mm&r=g","caption":"Programmer"},"url":"https:\/\/area-bollenberger.at\/en\/author\/programmer\/"}]}},"_links":{"self":[{"href":"https:\/\/area-bollenberger.at\/en\/wp-json\/wp\/v2\/posts\/5822","targetHints":{"allow":["GET"]}}],"collection":[{"href":"https:\/\/area-bollenberger.at\/en\/wp-json\/wp\/v2\/posts"}],"about":[{"href":"https:\/\/area-bollenberger.at\/en\/wp-json\/wp\/v2\/types\/post"}],"author":[{"embeddable":true,"href":"https:\/\/area-bollenberger.at\/en\/wp-json\/wp\/v2\/users\/6"}],"replies":[{"embeddable":true,"href":"https:\/\/area-bollenberger.at\/en\/wp-json\/wp\/v2\/comments?post=5822"}],"version-history":[{"count":1,"href":"https:\/\/area-bollenberger.at\/en\/wp-json\/wp\/v2\/posts\/5822\/revisions"}],"predecessor-version":[{"id":6985,"href":"https:\/\/area-bollenberger.at\/en\/wp-json\/wp\/v2\/posts\/5822\/revisions\/6985"}],"wp:featuredmedia":[{"embeddable":true,"href":"https:\/\/area-bollenberger.at\/en\/wp-json\/wp\/v2\/media\/5843"}],"wp:attachment":[{"href":"https:\/\/area-bollenberger.at\/en\/wp-json\/wp\/v2\/media?parent=5822"}],"wp:term":[{"taxonomy":"category","embeddable":true,"href":"https:\/\/area-bollenberger.at\/en\/wp-json\/wp\/v2\/categories?post=5822"},{"taxonomy":"post_tag","embeddable":true,"href":"https:\/\/area-bollenberger.at\/en\/wp-json\/wp\/v2\/tags?post=5822"}],"curies":[{"name":"wp","href":"https:\/\/api.w.org\/{rel}","templated":true}]}}