{"id":5745,"date":"2024-02-13T17:26:55","date_gmt":"2024-02-13T17:26:55","guid":{"rendered":"https:\/\/area-bollenberger.at\/?p=5745"},"modified":"2025-08-03T21:03:43","modified_gmt":"2025-08-03T19:03:43","slug":"aenderungen-bei-der-altersteilzeit-ab-1-1-2024","status":"publish","type":"post","link":"https:\/\/area-bollenberger.at\/en\/aenderungen-bei-der-altersteilzeit-ab-1-1-2024\/","title":{"rendered":"\u00c4nderungen bei der Altersteilzeit ab 1.1.2024"},"content":{"rendered":"\n<p>Neben diversen anderen Anpassungen wird die Blockzeitvariante der Altersteilzeit mit Wirkung ab 1.1.2024 eingeschr\u00e4nkt und entf\u00e4llt ab 1.1.2029 zur G\u00e4nze.<\/p>\n\n\n\n<p>Die vom Arbeitsmarktservice (AMS) gef\u00f6rderte Altersteilzeit kann seit dem Jahr 2000 zwischen Arbeitnehmer und Arbeitgeber vereinbart werden. Es gibt zwei Grundmodelle der Altersteilzeit:<\/p>\n\n\n\n<p><strong>a)<\/strong> die durchgehende, kontinuierliche Altersteilzeit und<\/p>\n\n\n\n<p><strong>b)<\/strong> die geblockte Altersteilzeit mit anschlie\u00dfender Freizeitphase.<\/p>\n\n\n\n<p>Neben diversen anderen Anpassungen wird durch eine \u00c4nderung im Arbeitslosenversicherungsgesetz der Kostenersatz bei der Blockzeitvariante der Altersteilzeit mit Wirkung ab 1.1.2024 von 50 % beginnend immer weiter auf 10 % reduziert und entf\u00e4llt ab 1.1.2029 zur G\u00e4nze.<\/p>\n\n\n\n<p><strong>Hinweis:<\/strong><br>Anspruchsvoraussetzung f\u00fcr das Altersteilzeitgeld ist unter anderem die Leistung eines Lohnausgleichs durch den Arbeitgeber. Durch diesen Lohnausgleich werden die wirtschaftlichen Nachteile der Teilzeitbesch\u00e4ftigung f\u00fcr den Arbeitnehmer abgefedert.<\/p>\n","protected":false},"excerpt":{"rendered":"<p>Neben diversen anderen Anpassungen wird die Blockzeitvariante der Altersteilzeit mit Wirkung ab 1.1.2024 eingeschr\u00e4nkt und entf\u00e4llt ab 1.1.2029 zur G\u00e4nze. Die vom Arbeitsmarktservice (AMS) gef\u00f6rderte Altersteilzeit kann seit dem Jahr 2000 zwischen Arbeitnehmer und Arbeitgeber vereinbart werden. Es gibt zwei Grundmodelle der Altersteilzeit: a) die durchgehende, kontinuierliche Altersteilzeit und b) die geblockte Altersteilzeit mit anschlie\u00dfender [&hellip;]<\/p>\n","protected":false},"author":6,"featured_media":6277,"comment_status":"closed","ping_status":"open","sticky":false,"template":"","format":"standard","meta":{"inline_featured_image":false,"footnotes":""},"categories":[14],"tags":[],"class_list":["post-5745","post","type-post","status-publish","format-standard","has-post-thumbnail","hentry","category-unkategorisiert"],"yoast_head":"<!-- This site is optimized with the Yoast SEO plugin v27.4 - https:\/\/yoast.com\/product\/yoast-seo-wordpress\/ -->\n<title>\u00c4nderungen bei der Altersteilzeit ab 1.1.2024<\/title>\n<meta name=\"description\" content=\"Neben diversen anderen Anpassungen wird die Blockzeitvariante der Altersteilzeit mit Wirkung ab 1.1.2024 eingeschr\u00e4nkt und entf\u00e4llt ab 1.1.2029 zur G\u00e4nze.\" \/>\n<meta name=\"robots\" content=\"index, follow, max-snippet:-1, max-image-preview:large, max-video-preview:-1\" \/>\n<link rel=\"canonical\" href=\"https:\/\/area-bollenberger.at\/aenderungen-bei-der-altersteilzeit-ab-1-1-2024\/\" \/>\n<meta property=\"og:locale\" content=\"en_US\" \/>\n<meta property=\"og:type\" content=\"article\" \/>\n<meta property=\"og:title\" content=\"\u00c4nderungen bei der Altersteilzeit ab 1.1.2024\" \/>\n<meta property=\"og:description\" content=\"Neben diversen anderen Anpassungen wird die Blockzeitvariante der Altersteilzeit mit Wirkung ab 1.1.2024 eingeschr\u00e4nkt und entf\u00e4llt ab 1.1.2029 zur G\u00e4nze.\" \/>\n<meta property=\"og:url\" content=\"https:\/\/area-bollenberger.at\/aenderungen-bei-der-altersteilzeit-ab-1-1-2024\/\" \/>\n<meta property=\"og:site_name\" content=\"Area Bollenberger\" \/>\n<meta property=\"article:publisher\" content=\"https:\/\/www.facebook.com\/Bollenberger.Bollenberger\/\" \/>\n<meta property=\"article:published_time\" content=\"2024-02-13T17:26:55+00:00\" \/>\n<meta property=\"article:modified_time\" content=\"2025-08-03T19:03:43+00:00\" \/>\n<meta property=\"og:image\" content=\"https:\/\/area-bollenberger.at\/wp-content\/uploads\/2024\/02\/ANDERUNGEN-BEI-DER-ALTERSTEILZEIT-AB-1.1.2024_web-1.jpg\" \/>\n\t<meta property=\"og:image:width\" content=\"600\" \/>\n\t<meta property=\"og:image:height\" content=\"318\" \/>\n\t<meta property=\"og:image:type\" content=\"image\/jpeg\" \/>\n<meta name=\"author\" content=\"Programmer\" \/>\n<meta name=\"twitter:card\" content=\"summary_large_image\" \/>\n<meta name=\"twitter:label1\" content=\"Written by\" \/>\n\t<meta name=\"twitter:data1\" content=\"Programmer\" \/>\n\t<meta name=\"twitter:label2\" content=\"Est. reading time\" \/>\n\t<meta name=\"twitter:data2\" content=\"1 minute\" \/>\n<script type=\"application\/ld+json\" class=\"yoast-schema-graph\">{\"@context\":\"https:\\\/\\\/schema.org\",\"@graph\":[{\"@type\":\"Article\",\"@id\":\"https:\\\/\\\/area-bollenberger.at\\\/aenderungen-bei-der-altersteilzeit-ab-1-1-2024\\\/#article\",\"isPartOf\":{\"@id\":\"https:\\\/\\\/area-bollenberger.at\\\/aenderungen-bei-der-altersteilzeit-ab-1-1-2024\\\/\"},\"author\":{\"name\":\"Programmer\",\"@id\":\"https:\\\/\\\/area-bollenberger.at\\\/#\\\/schema\\\/person\\\/20352707a97ff830a14845de19948b88\"},\"headline\":\"\u00c4nderungen bei der Altersteilzeit ab 1.1.2024\",\"datePublished\":\"2024-02-13T17:26:55+00:00\",\"dateModified\":\"2025-08-03T19:03:43+00:00\",\"mainEntityOfPage\":{\"@id\":\"https:\\\/\\\/area-bollenberger.at\\\/aenderungen-bei-der-altersteilzeit-ab-1-1-2024\\\/\"},\"wordCount\":127,\"image\":{\"@id\":\"https:\\\/\\\/area-bollenberger.at\\\/aenderungen-bei-der-altersteilzeit-ab-1-1-2024\\\/#primaryimage\"},\"thumbnailUrl\":\"https:\\\/\\\/area-bollenberger.at\\\/wp-content\\\/uploads\\\/2024\\\/02\\\/ANDERUNGEN-BEI-DER-ALTERSTEILZEIT-AB-1.1.2024_web-1.jpg\",\"articleSection\":[\"Unkategorisiert\"],\"inLanguage\":\"en-US\"},{\"@type\":\"WebPage\",\"@id\":\"https:\\\/\\\/area-bollenberger.at\\\/aenderungen-bei-der-altersteilzeit-ab-1-1-2024\\\/\",\"url\":\"https:\\\/\\\/area-bollenberger.at\\\/aenderungen-bei-der-altersteilzeit-ab-1-1-2024\\\/\",\"name\":\"\u00c4nderungen bei der Altersteilzeit ab 1.1.2024\",\"isPartOf\":{\"@id\":\"https:\\\/\\\/area-bollenberger.at\\\/#website\"},\"primaryImageOfPage\":{\"@id\":\"https:\\\/\\\/area-bollenberger.at\\\/aenderungen-bei-der-altersteilzeit-ab-1-1-2024\\\/#primaryimage\"},\"image\":{\"@id\":\"https:\\\/\\\/area-bollenberger.at\\\/aenderungen-bei-der-altersteilzeit-ab-1-1-2024\\\/#primaryimage\"},\"thumbnailUrl\":\"https:\\\/\\\/area-bollenberger.at\\\/wp-content\\\/uploads\\\/2024\\\/02\\\/ANDERUNGEN-BEI-DER-ALTERSTEILZEIT-AB-1.1.2024_web-1.jpg\",\"datePublished\":\"2024-02-13T17:26:55+00:00\",\"dateModified\":\"2025-08-03T19:03:43+00:00\",\"author\":{\"@id\":\"https:\\\/\\\/area-bollenberger.at\\\/#\\\/schema\\\/person\\\/20352707a97ff830a14845de19948b88\"},\"description\":\"Neben diversen anderen Anpassungen wird die Blockzeitvariante der Altersteilzeit mit Wirkung ab 1.1.2024 eingeschr\u00e4nkt und entf\u00e4llt ab 1.1.2029 zur G\u00e4nze.\",\"breadcrumb\":{\"@id\":\"https:\\\/\\\/area-bollenberger.at\\\/aenderungen-bei-der-altersteilzeit-ab-1-1-2024\\\/#breadcrumb\"},\"inLanguage\":\"en-US\",\"potentialAction\":[{\"@type\":\"ReadAction\",\"target\":[\"https:\\\/\\\/area-bollenberger.at\\\/aenderungen-bei-der-altersteilzeit-ab-1-1-2024\\\/\"]}]},{\"@type\":\"ImageObject\",\"inLanguage\":\"en-US\",\"@id\":\"https:\\\/\\\/area-bollenberger.at\\\/aenderungen-bei-der-altersteilzeit-ab-1-1-2024\\\/#primaryimage\",\"url\":\"https:\\\/\\\/area-bollenberger.at\\\/wp-content\\\/uploads\\\/2024\\\/02\\\/ANDERUNGEN-BEI-DER-ALTERSTEILZEIT-AB-1.1.2024_web-1.jpg\",\"contentUrl\":\"https:\\\/\\\/area-bollenberger.at\\\/wp-content\\\/uploads\\\/2024\\\/02\\\/ANDERUNGEN-BEI-DER-ALTERSTEILZEIT-AB-1.1.2024_web-1.jpg\",\"width\":600,\"height\":318},{\"@type\":\"BreadcrumbList\",\"@id\":\"https:\\\/\\\/area-bollenberger.at\\\/aenderungen-bei-der-altersteilzeit-ab-1-1-2024\\\/#breadcrumb\",\"itemListElement\":[{\"@type\":\"ListItem\",\"position\":1,\"name\":\"Start\",\"item\":\"https:\\\/\\\/area-bollenberger.at\\\/en\\\/\"},{\"@type\":\"ListItem\",\"position\":2,\"name\":\"\u00c4nderungen bei der Altersteilzeit ab 1.1.2024\"}]},{\"@type\":\"WebSite\",\"@id\":\"https:\\\/\\\/area-bollenberger.at\\\/#website\",\"url\":\"https:\\\/\\\/area-bollenberger.at\\\/\",\"name\":\"Area Bollenberger\",\"description\":\"Ihr Steuerberater in Wiener Neustadt, Wien, Graz, Purkersdorf\",\"potentialAction\":[{\"@type\":\"SearchAction\",\"target\":{\"@type\":\"EntryPoint\",\"urlTemplate\":\"https:\\\/\\\/area-bollenberger.at\\\/?s={search_term_string}\"},\"query-input\":{\"@type\":\"PropertyValueSpecification\",\"valueRequired\":true,\"valueName\":\"search_term_string\"}}],\"inLanguage\":\"en-US\"},{\"@type\":\"Person\",\"@id\":\"https:\\\/\\\/area-bollenberger.at\\\/#\\\/schema\\\/person\\\/20352707a97ff830a14845de19948b88\",\"name\":\"Programmer\",\"image\":{\"@type\":\"ImageObject\",\"inLanguage\":\"en-US\",\"@id\":\"https:\\\/\\\/secure.gravatar.com\\\/avatar\\\/32a5fef8e085a355e1185a47fe3fab2c6e582bf7eefcf7bc8cefef9fff0682b4?s=96&d=mm&r=g\",\"url\":\"https:\\\/\\\/secure.gravatar.com\\\/avatar\\\/32a5fef8e085a355e1185a47fe3fab2c6e582bf7eefcf7bc8cefef9fff0682b4?s=96&d=mm&r=g\",\"contentUrl\":\"https:\\\/\\\/secure.gravatar.com\\\/avatar\\\/32a5fef8e085a355e1185a47fe3fab2c6e582bf7eefcf7bc8cefef9fff0682b4?s=96&d=mm&r=g\",\"caption\":\"Programmer\"},\"url\":\"https:\\\/\\\/area-bollenberger.at\\\/en\\\/author\\\/programmer\\\/\"}]}<\/script>\n<!-- \/ Yoast SEO plugin. -->","yoast_head_json":{"title":"\u00c4nderungen bei der Altersteilzeit ab 1.1.2024","description":"Neben diversen anderen Anpassungen wird die Blockzeitvariante der Altersteilzeit mit Wirkung ab 1.1.2024 eingeschr\u00e4nkt und entf\u00e4llt ab 1.1.2029 zur G\u00e4nze.","robots":{"index":"index","follow":"follow","max-snippet":"max-snippet:-1","max-image-preview":"max-image-preview:large","max-video-preview":"max-video-preview:-1"},"canonical":"https:\/\/area-bollenberger.at\/aenderungen-bei-der-altersteilzeit-ab-1-1-2024\/","og_locale":"en_US","og_type":"article","og_title":"\u00c4nderungen bei der Altersteilzeit ab 1.1.2024","og_description":"Neben diversen anderen Anpassungen wird die Blockzeitvariante der Altersteilzeit mit Wirkung ab 1.1.2024 eingeschr\u00e4nkt und entf\u00e4llt ab 1.1.2029 zur G\u00e4nze.","og_url":"https:\/\/area-bollenberger.at\/aenderungen-bei-der-altersteilzeit-ab-1-1-2024\/","og_site_name":"Area Bollenberger","article_publisher":"https:\/\/www.facebook.com\/Bollenberger.Bollenberger\/","article_published_time":"2024-02-13T17:26:55+00:00","article_modified_time":"2025-08-03T19:03:43+00:00","og_image":[{"width":600,"height":318,"url":"https:\/\/area-bollenberger.at\/wp-content\/uploads\/2024\/02\/ANDERUNGEN-BEI-DER-ALTERSTEILZEIT-AB-1.1.2024_web-1.jpg","type":"image\/jpeg"}],"author":"Programmer","twitter_card":"summary_large_image","twitter_misc":{"Written by":"Programmer","Est. reading time":"1 minute"},"schema":{"@context":"https:\/\/schema.org","@graph":[{"@type":"Article","@id":"https:\/\/area-bollenberger.at\/aenderungen-bei-der-altersteilzeit-ab-1-1-2024\/#article","isPartOf":{"@id":"https:\/\/area-bollenberger.at\/aenderungen-bei-der-altersteilzeit-ab-1-1-2024\/"},"author":{"name":"Programmer","@id":"https:\/\/area-bollenberger.at\/#\/schema\/person\/20352707a97ff830a14845de19948b88"},"headline":"\u00c4nderungen bei der Altersteilzeit ab 1.1.2024","datePublished":"2024-02-13T17:26:55+00:00","dateModified":"2025-08-03T19:03:43+00:00","mainEntityOfPage":{"@id":"https:\/\/area-bollenberger.at\/aenderungen-bei-der-altersteilzeit-ab-1-1-2024\/"},"wordCount":127,"image":{"@id":"https:\/\/area-bollenberger.at\/aenderungen-bei-der-altersteilzeit-ab-1-1-2024\/#primaryimage"},"thumbnailUrl":"https:\/\/area-bollenberger.at\/wp-content\/uploads\/2024\/02\/ANDERUNGEN-BEI-DER-ALTERSTEILZEIT-AB-1.1.2024_web-1.jpg","articleSection":["Unkategorisiert"],"inLanguage":"en-US"},{"@type":"WebPage","@id":"https:\/\/area-bollenberger.at\/aenderungen-bei-der-altersteilzeit-ab-1-1-2024\/","url":"https:\/\/area-bollenberger.at\/aenderungen-bei-der-altersteilzeit-ab-1-1-2024\/","name":"\u00c4nderungen bei der Altersteilzeit ab 1.1.2024","isPartOf":{"@id":"https:\/\/area-bollenberger.at\/#website"},"primaryImageOfPage":{"@id":"https:\/\/area-bollenberger.at\/aenderungen-bei-der-altersteilzeit-ab-1-1-2024\/#primaryimage"},"image":{"@id":"https:\/\/area-bollenberger.at\/aenderungen-bei-der-altersteilzeit-ab-1-1-2024\/#primaryimage"},"thumbnailUrl":"https:\/\/area-bollenberger.at\/wp-content\/uploads\/2024\/02\/ANDERUNGEN-BEI-DER-ALTERSTEILZEIT-AB-1.1.2024_web-1.jpg","datePublished":"2024-02-13T17:26:55+00:00","dateModified":"2025-08-03T19:03:43+00:00","author":{"@id":"https:\/\/area-bollenberger.at\/#\/schema\/person\/20352707a97ff830a14845de19948b88"},"description":"Neben diversen anderen Anpassungen wird die Blockzeitvariante der Altersteilzeit mit Wirkung ab 1.1.2024 eingeschr\u00e4nkt und entf\u00e4llt ab 1.1.2029 zur G\u00e4nze.","breadcrumb":{"@id":"https:\/\/area-bollenberger.at\/aenderungen-bei-der-altersteilzeit-ab-1-1-2024\/#breadcrumb"},"inLanguage":"en-US","potentialAction":[{"@type":"ReadAction","target":["https:\/\/area-bollenberger.at\/aenderungen-bei-der-altersteilzeit-ab-1-1-2024\/"]}]},{"@type":"ImageObject","inLanguage":"en-US","@id":"https:\/\/area-bollenberger.at\/aenderungen-bei-der-altersteilzeit-ab-1-1-2024\/#primaryimage","url":"https:\/\/area-bollenberger.at\/wp-content\/uploads\/2024\/02\/ANDERUNGEN-BEI-DER-ALTERSTEILZEIT-AB-1.1.2024_web-1.jpg","contentUrl":"https:\/\/area-bollenberger.at\/wp-content\/uploads\/2024\/02\/ANDERUNGEN-BEI-DER-ALTERSTEILZEIT-AB-1.1.2024_web-1.jpg","width":600,"height":318},{"@type":"BreadcrumbList","@id":"https:\/\/area-bollenberger.at\/aenderungen-bei-der-altersteilzeit-ab-1-1-2024\/#breadcrumb","itemListElement":[{"@type":"ListItem","position":1,"name":"Start","item":"https:\/\/area-bollenberger.at\/en\/"},{"@type":"ListItem","position":2,"name":"\u00c4nderungen bei der Altersteilzeit ab 1.1.2024"}]},{"@type":"WebSite","@id":"https:\/\/area-bollenberger.at\/#website","url":"https:\/\/area-bollenberger.at\/","name":"Area Bollenberger","description":"Ihr Steuerberater in Wiener Neustadt, Wien, Graz, Purkersdorf","potentialAction":[{"@type":"SearchAction","target":{"@type":"EntryPoint","urlTemplate":"https:\/\/area-bollenberger.at\/?s={search_term_string}"},"query-input":{"@type":"PropertyValueSpecification","valueRequired":true,"valueName":"search_term_string"}}],"inLanguage":"en-US"},{"@type":"Person","@id":"https:\/\/area-bollenberger.at\/#\/schema\/person\/20352707a97ff830a14845de19948b88","name":"Programmer","image":{"@type":"ImageObject","inLanguage":"en-US","@id":"https:\/\/secure.gravatar.com\/avatar\/32a5fef8e085a355e1185a47fe3fab2c6e582bf7eefcf7bc8cefef9fff0682b4?s=96&d=mm&r=g","url":"https:\/\/secure.gravatar.com\/avatar\/32a5fef8e085a355e1185a47fe3fab2c6e582bf7eefcf7bc8cefef9fff0682b4?s=96&d=mm&r=g","contentUrl":"https:\/\/secure.gravatar.com\/avatar\/32a5fef8e085a355e1185a47fe3fab2c6e582bf7eefcf7bc8cefef9fff0682b4?s=96&d=mm&r=g","caption":"Programmer"},"url":"https:\/\/area-bollenberger.at\/en\/author\/programmer\/"}]}},"_links":{"self":[{"href":"https:\/\/area-bollenberger.at\/en\/wp-json\/wp\/v2\/posts\/5745","targetHints":{"allow":["GET"]}}],"collection":[{"href":"https:\/\/area-bollenberger.at\/en\/wp-json\/wp\/v2\/posts"}],"about":[{"href":"https:\/\/area-bollenberger.at\/en\/wp-json\/wp\/v2\/types\/post"}],"author":[{"embeddable":true,"href":"https:\/\/area-bollenberger.at\/en\/wp-json\/wp\/v2\/users\/6"}],"replies":[{"embeddable":true,"href":"https:\/\/area-bollenberger.at\/en\/wp-json\/wp\/v2\/comments?post=5745"}],"version-history":[{"count":1,"href":"https:\/\/area-bollenberger.at\/en\/wp-json\/wp\/v2\/posts\/5745\/revisions"}],"predecessor-version":[{"id":6999,"href":"https:\/\/area-bollenberger.at\/en\/wp-json\/wp\/v2\/posts\/5745\/revisions\/6999"}],"wp:featuredmedia":[{"embeddable":true,"href":"https:\/\/area-bollenberger.at\/en\/wp-json\/wp\/v2\/media\/6277"}],"wp:attachment":[{"href":"https:\/\/area-bollenberger.at\/en\/wp-json\/wp\/v2\/media?parent=5745"}],"wp:term":[{"taxonomy":"category","embeddable":true,"href":"https:\/\/area-bollenberger.at\/en\/wp-json\/wp\/v2\/categories?post=5745"},{"taxonomy":"post_tag","embeddable":true,"href":"https:\/\/area-bollenberger.at\/en\/wp-json\/wp\/v2\/tags?post=5745"}],"curies":[{"name":"wp","href":"https:\/\/api.w.org\/{rel}","templated":true}]}}