{"id":5736,"date":"2024-02-13T17:31:18","date_gmt":"2024-02-13T17:31:18","guid":{"rendered":"https:\/\/area-bollenberger.at\/?p=5736"},"modified":"2025-08-03T21:03:43","modified_gmt":"2025-08-03T19:03:43","slug":"der-orf-beitrag-im-betrieblichen-bereich","status":"publish","type":"post","link":"https:\/\/area-bollenberger.at\/en\/der-orf-beitrag-im-betrieblichen-bereich\/","title":{"rendered":"Der ORF-Beitrag im betrieblichen Bereich"},"content":{"rendered":"\n<p>Am 8. September 2023 wurde das ORF-Beitrags-Gesetz 2024 im Bundesgesetzblatt ver\u00f6ffentlicht. Mit diesem Gesetz wurde mit Wirkung ab 1.1.2024 die sogenannte GIS-Geb\u00fchr durch den neuen ORF-Beitrag ersetzt. Der ORF-Beitrag ist unter bestimmten Voraussetzungen auch von Unternehmern zu entrichten.<\/p>\n\n\n\n<p><strong>Der ORF-Beitrag<\/strong><\/p>\n\n\n\n<p>Der ORF-Beitrag ist unabh\u00e4ngig von einem Empfangsger\u00e4t von Privatpersonen (\u201eBeitragspflicht im privaten Bereich\u201c) und von Unternehmern (\u201eBeitragspflicht im betrieblichen Bereich\u201c) als sogenannte Beitragsschuldner zu entrichten. F\u00fcr 2024 ist der Beitrag mit EUR 15,30 monatlich festgesetzt und darf diesen Betrag auch in den Jahren 2025 und 2026 nicht \u00fcbersteigen. Insbesondere zur Kulturf\u00f6rderung heben vier Bundesl\u00e4nder mit dem ORF-Beitrag zus\u00e4tzlich eine Landesabgabe von monatlich<br>EUR 3,10 (Tirol), EUR 4,60 (Burgenland und K\u00e4rnten) und EUR 4,70 (Steiermark) ein.<\/p>\n\n\n\n<p><strong>Beitragspflichtige Unternehmer<\/strong><\/p>\n\n\n\n<p>Unternehmer haben f\u00fcr eine Betriebsst\u00e4tte je Gemeinde einen ORF-Beitrag zu entrichten, wenn mit der Betriebsst\u00e4tte im vorangegangenen Kalenderjahr eine Kommunalsteuerpflicht verbunden war. Als Unternehmer im Sinne des ORF-Beitrags-Gesetzes gelten alle Unternehmer nach dem Kommunalsteuergesetz.<\/p>\n\n\n\n<p>Ist ein Unternehmer aufgrund einer mildt\u00e4tigen oder gemeinn\u00fctzigen T\u00e4tigkeit auf dem Gebiet der Gesundheitspflege, Kinder-, Jugend-, Familien-, Kranken-, Behinderten-, Blinden- oder Altenf\u00fcrsorge im vorangegangenen Kalenderjahr von der Kommunalsteuerpflicht befreit, dann entf\u00e4llt auch die Pflicht f\u00fcr die Entrichtung eines ORF-Beitrags.<\/p>\n\n\n\n<p>Besteht f\u00fcr eine im Inland gelegene Adresse eine <em>Beitragspflicht im betrieblichen Bereich<\/em> oder greift die beschriebene Befreiung von dieser Beitragspflicht, dann besteht f\u00fcr diese Adresse keine Beitragspflicht im privaten Bereich, sofern eine an dieser Adresse mit Hauptwohnsitz gemeldete Person die Betriebsst\u00e4tte dort entweder selbst betreibt oder die an dieser Adresse mit Hauptwohnsitz gemeldeten Personen Unterk\u00fcnfte dieser Betriebsst\u00e4tte in Anspruch nehmen.<\/p>\n\n\n\n<p><strong>H\u00f6he des Beitrags f\u00fcr Unternehmer<\/strong><\/p>\n\n\n\n<p>Die Bemessungsgrundlage zur Bestimmung des ORF-Beitrags f\u00fcr Unternehmer ist abh\u00e4ngig von der Summe der Arbeitsl\u00f6hne,<br>die im vorangegangenen Kalenderjahr an Dienstnehmer der in einer Gemeinde gelegenen Betriebsst\u00e4tte gew\u00e4hrt worden sind. Die Begriffe \u201eArbeitsl\u00f6hne\u201c und\u201eDienstnehmer\u201c sind dabei jeweils im Sinne des Kommunalsteuergesetzes zu verstehen.<\/p>\n\n\n\n<p>Die H\u00f6he des monatlich zu leistenden ORF-Beitrags betr\u00e4gt bei einer Bemessungsgrundlage<\/p>\n\n\n\n<p><strong>\u2022<\/strong> bis EUR 1,6 Mio.:&nbsp;&nbsp;&nbsp;&nbsp;&nbsp; 1 ORF-Beitrag,<\/p>\n\n\n\n<p><strong>\u2022<\/strong> bis EUR 3,0 Mio.:&nbsp;&nbsp;&nbsp;&nbsp;&nbsp; 2 ORF-Beitr\u00e4ge,<\/p>\n\n\n\n<p><strong>\u2022<\/strong> bis EUR 10 Mio.:&nbsp;&nbsp;&nbsp;&nbsp;&nbsp;&nbsp; 7 ORF-Beitr\u00e4ge,<\/p>\n\n\n\n<p><strong>\u2022<\/strong> bis EUR 50 Mio.:&nbsp;&nbsp;&nbsp;&nbsp; 10 ORF-Beitr\u00e4ge,<\/p>\n\n\n\n<p><strong>\u2022<\/strong> bis EUR 90 Mio.:&nbsp;&nbsp;&nbsp;&nbsp; 20 ORF-Beitr\u00e4ge,<\/p>\n\n\n\n<p><strong>\u2022<\/strong> \u00fcber EUR 90 Mio.:&nbsp; 50 ORF-Beitr\u00e4ge.<\/p>\n\n\n\n<p>Je Kalendermonat sind von einem Unternehmer jedoch maximal 100 ORF-Beitr\u00e4ge zu entrichten. Der ORF-Beitrag ohne Landesabgabe kann daher f\u00fcr einen Unternehmer aktuell monatlich zwischen EUR 15,30 und EUR 1.530,00 betragen.<\/p>\n\n\n\n<p><strong>Beitragsfestsetzung<\/strong><\/p>\n\n\n\n<p>Zum Zweck der Erhebung des ORF-Beitrags werden an die gesetzlich damit betraute ORF-Beitrags Service GmbH bis jeweils 15. April eines jeden Kalenderjahres durch den Bundesminister f\u00fcr Finanzen die Daten der Kommunalsteuererkl\u00e4rungen \u00fcbermittelt. Auf Verlangen der ORF-Beitrags Service GmbH sind dieser insbesondere vom Finanzamt, der \u00d6sterreichischen Gesundheitskasse oder einer Gemeinde die Berichte \u00fcber Kommunalsteuerpr\u00fcfungen vorzulegen.<\/p>\n\n\n\n<p>Die Festsetzung des ORF-Beitrags erfolgt durch die ORF-Beitrags Service GmbH mittels Zahlungsaufforderung auf Grundlage der bereitgestellten Daten. Eine bescheidm\u00e4\u00dfige Festsetzung des ORF-Beitrags erfolgt bei einer nicht zur G\u00e4nze<br>fristgerechten Entrichtung der Beitr\u00e4ge oder wenn eine bescheidm\u00e4\u00dfige Festsetzung vom Beitragsschuldner verlangt wird. Gegen von der ORF-Beitrags Service GmbH erlassene Bescheide kann Beschwerde an das Bundesverwaltungsgericht erhoben werden.<\/p>\n\n\n\n<p>Mit Zahlungsaufforderung festgesetzte Beitr\u00e4ge sind binnen 14 Tagen ab Zustellung der Zahlungsaufforderung f\u00e4llig.<\/p>\n\n\n\n<p><strong>Meldepflichten<\/strong><\/p>\n\n\n\n<p>Unternehmer haben den Beginn und das Ende der Beitragspflicht sowie eine \u00c4nderung der Firma, der E-Mail-Adresse, der Firmenbuchnummer, der Vereinsregisterzahl oder der GISA-Zahl und der Steuernummer bis sp\u00e4testens 15. April des jeweils darauffolgenden Kalenderjahres mitzuteilen. Ein Versto\u00df gegen diese Meldeverpflichtung ist eine Verwaltungs\u00fcbertretung und kann mit einer Geldstrafe bis zu EUR 2.180,00 geahndet werden.<\/p>\n\n\n\n<p><strong>Hinweis:<\/strong><br>Bei Beginn und Ende der Kommunalsteuerpflicht sowie bei \u00c4nderung von Firmenstammdaten ist nunmehr auch die Meldeverpflichtung nach dem ORF-Beitrags-Gesetz in Evidenz zu nehmen.<\/p>\n","protected":false},"excerpt":{"rendered":"<p>Am 8. September 2023 wurde das ORF-Beitrags-Gesetz 2024 im Bundesgesetzblatt ver\u00f6ffentlicht. Mit diesem Gesetz wurde mit Wirkung ab 1.1.2024 die sogenannte GIS-Geb\u00fchr durch den neuen ORF-Beitrag ersetzt. Der ORF-Beitrag ist unter bestimmten Voraussetzungen auch von Unternehmern zu entrichten. Der ORF-Beitrag Der ORF-Beitrag ist unabh\u00e4ngig von einem Empfangsger\u00e4t von Privatpersonen (\u201eBeitragspflicht im privaten Bereich\u201c) und von [&hellip;]<\/p>\n","protected":false},"author":6,"featured_media":6281,"comment_status":"closed","ping_status":"open","sticky":false,"template":"","format":"standard","meta":{"inline_featured_image":false,"footnotes":""},"categories":[14],"tags":[],"class_list":["post-5736","post","type-post","status-publish","format-standard","has-post-thumbnail","hentry","category-unkategorisiert"],"yoast_head":"<!-- This site is optimized with the Yoast SEO plugin v27.4 - https:\/\/yoast.com\/product\/yoast-seo-wordpress\/ -->\n<title>Der ORF-Beitrag im betrieblichen Bereich<\/title>\n<meta name=\"description\" content=\"Mit diesem Gesetz wurde mit Wirkung ab 1.1.2024 die sogenannte GIS-Geb\u00fchr durch den neuen ORF-Beitrag ersetzt.\" \/>\n<meta name=\"robots\" content=\"index, follow, max-snippet:-1, max-image-preview:large, max-video-preview:-1\" \/>\n<link rel=\"canonical\" href=\"https:\/\/area-bollenberger.at\/der-orf-beitrag-im-betrieblichen-bereich\/\" \/>\n<meta property=\"og:locale\" content=\"en_US\" \/>\n<meta property=\"og:type\" content=\"article\" \/>\n<meta property=\"og:title\" content=\"Der ORF-Beitrag im betrieblichen Bereich\" \/>\n<meta property=\"og:description\" content=\"Mit diesem Gesetz wurde mit Wirkung ab 1.1.2024 die sogenannte GIS-Geb\u00fchr durch den neuen ORF-Beitrag ersetzt.\" \/>\n<meta property=\"og:url\" content=\"https:\/\/area-bollenberger.at\/der-orf-beitrag-im-betrieblichen-bereich\/\" \/>\n<meta property=\"og:site_name\" content=\"Area Bollenberger\" \/>\n<meta property=\"article:publisher\" content=\"https:\/\/www.facebook.com\/Bollenberger.Bollenberger\/\" \/>\n<meta property=\"article:published_time\" content=\"2024-02-13T17:31:18+00:00\" \/>\n<meta property=\"article:modified_time\" content=\"2025-08-03T19:03:43+00:00\" \/>\n<meta property=\"og:image\" content=\"https:\/\/area-bollenberger.at\/wp-content\/uploads\/2024\/02\/DER-ORF-BEITRAG-IM-BETRIEBLICHEN-BEREICH_web-1.jpg\" \/>\n\t<meta property=\"og:image:width\" content=\"600\" \/>\n\t<meta property=\"og:image:height\" content=\"318\" \/>\n\t<meta property=\"og:image:type\" content=\"image\/jpeg\" \/>\n<meta name=\"author\" content=\"Programmer\" \/>\n<meta name=\"twitter:card\" content=\"summary_large_image\" \/>\n<meta name=\"twitter:label1\" content=\"Written by\" \/>\n\t<meta name=\"twitter:data1\" content=\"Programmer\" \/>\n\t<meta name=\"twitter:label2\" content=\"Est. reading time\" \/>\n\t<meta name=\"twitter:data2\" content=\"3 minutes\" \/>\n<script type=\"application\/ld+json\" class=\"yoast-schema-graph\">{\"@context\":\"https:\\\/\\\/schema.org\",\"@graph\":[{\"@type\":\"Article\",\"@id\":\"https:\\\/\\\/area-bollenberger.at\\\/der-orf-beitrag-im-betrieblichen-bereich\\\/#article\",\"isPartOf\":{\"@id\":\"https:\\\/\\\/area-bollenberger.at\\\/der-orf-beitrag-im-betrieblichen-bereich\\\/\"},\"author\":{\"name\":\"Programmer\",\"@id\":\"https:\\\/\\\/area-bollenberger.at\\\/#\\\/schema\\\/person\\\/20352707a97ff830a14845de19948b88\"},\"headline\":\"Der ORF-Beitrag im betrieblichen Bereich\",\"datePublished\":\"2024-02-13T17:31:18+00:00\",\"dateModified\":\"2025-08-03T19:03:43+00:00\",\"mainEntityOfPage\":{\"@id\":\"https:\\\/\\\/area-bollenberger.at\\\/der-orf-beitrag-im-betrieblichen-bereich\\\/\"},\"wordCount\":628,\"image\":{\"@id\":\"https:\\\/\\\/area-bollenberger.at\\\/der-orf-beitrag-im-betrieblichen-bereich\\\/#primaryimage\"},\"thumbnailUrl\":\"https:\\\/\\\/area-bollenberger.at\\\/wp-content\\\/uploads\\\/2024\\\/02\\\/DER-ORF-BEITRAG-IM-BETRIEBLICHEN-BEREICH_web-1.jpg\",\"articleSection\":[\"Unkategorisiert\"],\"inLanguage\":\"en-US\"},{\"@type\":\"WebPage\",\"@id\":\"https:\\\/\\\/area-bollenberger.at\\\/der-orf-beitrag-im-betrieblichen-bereich\\\/\",\"url\":\"https:\\\/\\\/area-bollenberger.at\\\/der-orf-beitrag-im-betrieblichen-bereich\\\/\",\"name\":\"Der ORF-Beitrag im betrieblichen Bereich\",\"isPartOf\":{\"@id\":\"https:\\\/\\\/area-bollenberger.at\\\/#website\"},\"primaryImageOfPage\":{\"@id\":\"https:\\\/\\\/area-bollenberger.at\\\/der-orf-beitrag-im-betrieblichen-bereich\\\/#primaryimage\"},\"image\":{\"@id\":\"https:\\\/\\\/area-bollenberger.at\\\/der-orf-beitrag-im-betrieblichen-bereich\\\/#primaryimage\"},\"thumbnailUrl\":\"https:\\\/\\\/area-bollenberger.at\\\/wp-content\\\/uploads\\\/2024\\\/02\\\/DER-ORF-BEITRAG-IM-BETRIEBLICHEN-BEREICH_web-1.jpg\",\"datePublished\":\"2024-02-13T17:31:18+00:00\",\"dateModified\":\"2025-08-03T19:03:43+00:00\",\"author\":{\"@id\":\"https:\\\/\\\/area-bollenberger.at\\\/#\\\/schema\\\/person\\\/20352707a97ff830a14845de19948b88\"},\"description\":\"Mit diesem Gesetz wurde mit Wirkung ab 1.1.2024 die sogenannte GIS-Geb\u00fchr durch den neuen ORF-Beitrag ersetzt.\",\"breadcrumb\":{\"@id\":\"https:\\\/\\\/area-bollenberger.at\\\/der-orf-beitrag-im-betrieblichen-bereich\\\/#breadcrumb\"},\"inLanguage\":\"en-US\",\"potentialAction\":[{\"@type\":\"ReadAction\",\"target\":[\"https:\\\/\\\/area-bollenberger.at\\\/der-orf-beitrag-im-betrieblichen-bereich\\\/\"]}]},{\"@type\":\"ImageObject\",\"inLanguage\":\"en-US\",\"@id\":\"https:\\\/\\\/area-bollenberger.at\\\/der-orf-beitrag-im-betrieblichen-bereich\\\/#primaryimage\",\"url\":\"https:\\\/\\\/area-bollenberger.at\\\/wp-content\\\/uploads\\\/2024\\\/02\\\/DER-ORF-BEITRAG-IM-BETRIEBLICHEN-BEREICH_web-1.jpg\",\"contentUrl\":\"https:\\\/\\\/area-bollenberger.at\\\/wp-content\\\/uploads\\\/2024\\\/02\\\/DER-ORF-BEITRAG-IM-BETRIEBLICHEN-BEREICH_web-1.jpg\",\"width\":600,\"height\":318},{\"@type\":\"BreadcrumbList\",\"@id\":\"https:\\\/\\\/area-bollenberger.at\\\/der-orf-beitrag-im-betrieblichen-bereich\\\/#breadcrumb\",\"itemListElement\":[{\"@type\":\"ListItem\",\"position\":1,\"name\":\"Start\",\"item\":\"https:\\\/\\\/area-bollenberger.at\\\/en\\\/\"},{\"@type\":\"ListItem\",\"position\":2,\"name\":\"Der ORF-Beitrag im betrieblichen Bereich\"}]},{\"@type\":\"WebSite\",\"@id\":\"https:\\\/\\\/area-bollenberger.at\\\/#website\",\"url\":\"https:\\\/\\\/area-bollenberger.at\\\/\",\"name\":\"Area Bollenberger\",\"description\":\"Ihr Steuerberater in Wiener Neustadt, Wien, Graz, Purkersdorf\",\"potentialAction\":[{\"@type\":\"SearchAction\",\"target\":{\"@type\":\"EntryPoint\",\"urlTemplate\":\"https:\\\/\\\/area-bollenberger.at\\\/?s={search_term_string}\"},\"query-input\":{\"@type\":\"PropertyValueSpecification\",\"valueRequired\":true,\"valueName\":\"search_term_string\"}}],\"inLanguage\":\"en-US\"},{\"@type\":\"Person\",\"@id\":\"https:\\\/\\\/area-bollenberger.at\\\/#\\\/schema\\\/person\\\/20352707a97ff830a14845de19948b88\",\"name\":\"Programmer\",\"image\":{\"@type\":\"ImageObject\",\"inLanguage\":\"en-US\",\"@id\":\"https:\\\/\\\/secure.gravatar.com\\\/avatar\\\/32a5fef8e085a355e1185a47fe3fab2c6e582bf7eefcf7bc8cefef9fff0682b4?s=96&d=mm&r=g\",\"url\":\"https:\\\/\\\/secure.gravatar.com\\\/avatar\\\/32a5fef8e085a355e1185a47fe3fab2c6e582bf7eefcf7bc8cefef9fff0682b4?s=96&d=mm&r=g\",\"contentUrl\":\"https:\\\/\\\/secure.gravatar.com\\\/avatar\\\/32a5fef8e085a355e1185a47fe3fab2c6e582bf7eefcf7bc8cefef9fff0682b4?s=96&d=mm&r=g\",\"caption\":\"Programmer\"},\"url\":\"https:\\\/\\\/area-bollenberger.at\\\/en\\\/author\\\/programmer\\\/\"}]}<\/script>\n<!-- \/ Yoast SEO plugin. -->","yoast_head_json":{"title":"Der ORF-Beitrag im betrieblichen Bereich","description":"Mit diesem Gesetz wurde mit Wirkung ab 1.1.2024 die sogenannte GIS-Geb\u00fchr durch den neuen ORF-Beitrag ersetzt.","robots":{"index":"index","follow":"follow","max-snippet":"max-snippet:-1","max-image-preview":"max-image-preview:large","max-video-preview":"max-video-preview:-1"},"canonical":"https:\/\/area-bollenberger.at\/der-orf-beitrag-im-betrieblichen-bereich\/","og_locale":"en_US","og_type":"article","og_title":"Der ORF-Beitrag im betrieblichen Bereich","og_description":"Mit diesem Gesetz wurde mit Wirkung ab 1.1.2024 die sogenannte GIS-Geb\u00fchr durch den neuen ORF-Beitrag ersetzt.","og_url":"https:\/\/area-bollenberger.at\/der-orf-beitrag-im-betrieblichen-bereich\/","og_site_name":"Area Bollenberger","article_publisher":"https:\/\/www.facebook.com\/Bollenberger.Bollenberger\/","article_published_time":"2024-02-13T17:31:18+00:00","article_modified_time":"2025-08-03T19:03:43+00:00","og_image":[{"width":600,"height":318,"url":"https:\/\/area-bollenberger.at\/wp-content\/uploads\/2024\/02\/DER-ORF-BEITRAG-IM-BETRIEBLICHEN-BEREICH_web-1.jpg","type":"image\/jpeg"}],"author":"Programmer","twitter_card":"summary_large_image","twitter_misc":{"Written by":"Programmer","Est. reading time":"3 minutes"},"schema":{"@context":"https:\/\/schema.org","@graph":[{"@type":"Article","@id":"https:\/\/area-bollenberger.at\/der-orf-beitrag-im-betrieblichen-bereich\/#article","isPartOf":{"@id":"https:\/\/area-bollenberger.at\/der-orf-beitrag-im-betrieblichen-bereich\/"},"author":{"name":"Programmer","@id":"https:\/\/area-bollenberger.at\/#\/schema\/person\/20352707a97ff830a14845de19948b88"},"headline":"Der ORF-Beitrag im betrieblichen Bereich","datePublished":"2024-02-13T17:31:18+00:00","dateModified":"2025-08-03T19:03:43+00:00","mainEntityOfPage":{"@id":"https:\/\/area-bollenberger.at\/der-orf-beitrag-im-betrieblichen-bereich\/"},"wordCount":628,"image":{"@id":"https:\/\/area-bollenberger.at\/der-orf-beitrag-im-betrieblichen-bereich\/#primaryimage"},"thumbnailUrl":"https:\/\/area-bollenberger.at\/wp-content\/uploads\/2024\/02\/DER-ORF-BEITRAG-IM-BETRIEBLICHEN-BEREICH_web-1.jpg","articleSection":["Unkategorisiert"],"inLanguage":"en-US"},{"@type":"WebPage","@id":"https:\/\/area-bollenberger.at\/der-orf-beitrag-im-betrieblichen-bereich\/","url":"https:\/\/area-bollenberger.at\/der-orf-beitrag-im-betrieblichen-bereich\/","name":"Der ORF-Beitrag im betrieblichen Bereich","isPartOf":{"@id":"https:\/\/area-bollenberger.at\/#website"},"primaryImageOfPage":{"@id":"https:\/\/area-bollenberger.at\/der-orf-beitrag-im-betrieblichen-bereich\/#primaryimage"},"image":{"@id":"https:\/\/area-bollenberger.at\/der-orf-beitrag-im-betrieblichen-bereich\/#primaryimage"},"thumbnailUrl":"https:\/\/area-bollenberger.at\/wp-content\/uploads\/2024\/02\/DER-ORF-BEITRAG-IM-BETRIEBLICHEN-BEREICH_web-1.jpg","datePublished":"2024-02-13T17:31:18+00:00","dateModified":"2025-08-03T19:03:43+00:00","author":{"@id":"https:\/\/area-bollenberger.at\/#\/schema\/person\/20352707a97ff830a14845de19948b88"},"description":"Mit diesem Gesetz wurde mit Wirkung ab 1.1.2024 die sogenannte GIS-Geb\u00fchr durch den neuen ORF-Beitrag ersetzt.","breadcrumb":{"@id":"https:\/\/area-bollenberger.at\/der-orf-beitrag-im-betrieblichen-bereich\/#breadcrumb"},"inLanguage":"en-US","potentialAction":[{"@type":"ReadAction","target":["https:\/\/area-bollenberger.at\/der-orf-beitrag-im-betrieblichen-bereich\/"]}]},{"@type":"ImageObject","inLanguage":"en-US","@id":"https:\/\/area-bollenberger.at\/der-orf-beitrag-im-betrieblichen-bereich\/#primaryimage","url":"https:\/\/area-bollenberger.at\/wp-content\/uploads\/2024\/02\/DER-ORF-BEITRAG-IM-BETRIEBLICHEN-BEREICH_web-1.jpg","contentUrl":"https:\/\/area-bollenberger.at\/wp-content\/uploads\/2024\/02\/DER-ORF-BEITRAG-IM-BETRIEBLICHEN-BEREICH_web-1.jpg","width":600,"height":318},{"@type":"BreadcrumbList","@id":"https:\/\/area-bollenberger.at\/der-orf-beitrag-im-betrieblichen-bereich\/#breadcrumb","itemListElement":[{"@type":"ListItem","position":1,"name":"Start","item":"https:\/\/area-bollenberger.at\/en\/"},{"@type":"ListItem","position":2,"name":"Der ORF-Beitrag im betrieblichen Bereich"}]},{"@type":"WebSite","@id":"https:\/\/area-bollenberger.at\/#website","url":"https:\/\/area-bollenberger.at\/","name":"Area Bollenberger","description":"Ihr Steuerberater in Wiener Neustadt, Wien, Graz, Purkersdorf","potentialAction":[{"@type":"SearchAction","target":{"@type":"EntryPoint","urlTemplate":"https:\/\/area-bollenberger.at\/?s={search_term_string}"},"query-input":{"@type":"PropertyValueSpecification","valueRequired":true,"valueName":"search_term_string"}}],"inLanguage":"en-US"},{"@type":"Person","@id":"https:\/\/area-bollenberger.at\/#\/schema\/person\/20352707a97ff830a14845de19948b88","name":"Programmer","image":{"@type":"ImageObject","inLanguage":"en-US","@id":"https:\/\/secure.gravatar.com\/avatar\/32a5fef8e085a355e1185a47fe3fab2c6e582bf7eefcf7bc8cefef9fff0682b4?s=96&d=mm&r=g","url":"https:\/\/secure.gravatar.com\/avatar\/32a5fef8e085a355e1185a47fe3fab2c6e582bf7eefcf7bc8cefef9fff0682b4?s=96&d=mm&r=g","contentUrl":"https:\/\/secure.gravatar.com\/avatar\/32a5fef8e085a355e1185a47fe3fab2c6e582bf7eefcf7bc8cefef9fff0682b4?s=96&d=mm&r=g","caption":"Programmer"},"url":"https:\/\/area-bollenberger.at\/en\/author\/programmer\/"}]}},"_links":{"self":[{"href":"https:\/\/area-bollenberger.at\/en\/wp-json\/wp\/v2\/posts\/5736","targetHints":{"allow":["GET"]}}],"collection":[{"href":"https:\/\/area-bollenberger.at\/en\/wp-json\/wp\/v2\/posts"}],"about":[{"href":"https:\/\/area-bollenberger.at\/en\/wp-json\/wp\/v2\/types\/post"}],"author":[{"embeddable":true,"href":"https:\/\/area-bollenberger.at\/en\/wp-json\/wp\/v2\/users\/6"}],"replies":[{"embeddable":true,"href":"https:\/\/area-bollenberger.at\/en\/wp-json\/wp\/v2\/comments?post=5736"}],"version-history":[{"count":1,"href":"https:\/\/area-bollenberger.at\/en\/wp-json\/wp\/v2\/posts\/5736\/revisions"}],"predecessor-version":[{"id":6995,"href":"https:\/\/area-bollenberger.at\/en\/wp-json\/wp\/v2\/posts\/5736\/revisions\/6995"}],"wp:featuredmedia":[{"embeddable":true,"href":"https:\/\/area-bollenberger.at\/en\/wp-json\/wp\/v2\/media\/6281"}],"wp:attachment":[{"href":"https:\/\/area-bollenberger.at\/en\/wp-json\/wp\/v2\/media?parent=5736"}],"wp:term":[{"taxonomy":"category","embeddable":true,"href":"https:\/\/area-bollenberger.at\/en\/wp-json\/wp\/v2\/categories?post=5736"},{"taxonomy":"post_tag","embeddable":true,"href":"https:\/\/area-bollenberger.at\/en\/wp-json\/wp\/v2\/tags?post=5736"}],"curies":[{"name":"wp","href":"https:\/\/api.w.org\/{rel}","templated":true}]}}