{"id":5571,"date":"2023-11-15T15:47:58","date_gmt":"2023-11-15T15:47:58","guid":{"rendered":"https:\/\/area-bollenberger.at\/?p=5571"},"modified":"2025-08-03T21:03:44","modified_gmt":"2025-08-03T19:03:44","slug":"ausweitung-der-spendenbeguenstigung-2024","status":"publish","type":"post","link":"https:\/\/area-bollenberger.at\/en\/ausweitung-der-spendenbeguenstigung-2024\/","title":{"rendered":"Ausweitung der Spendenbeg\u00fcnstigung 2024"},"content":{"rendered":"\n<p>2024 bringt voraussichtlich grundlegende Erweiterungen der Spendenabsetzbarkeit und Neuerungen zur Gemeinn\u00fctzigkeit.<\/p>\n\n\n\n<p>Ab 1.1.2024 soll es f\u00fcr alle gemeinn\u00fctzigen Rechtstr\u00e4ger die M\u00f6glichkeit geben, die steuerliche Spendenabsetzbarkeit zu erlangen. Die Spendenabsetzbarkeit soll nicht mehr nur auf mildt\u00e4tige Zwecke oder Forschungszwecke beschr\u00e4nkt werden, sondern k\u00fcnftig auch bisher nicht spendenbeg\u00fcnstigte gemeinn\u00fctzige Zwecke wie Bildung (Elementarp\u00e4dagogik, Schulbildung, Berufsaus- und -fortbildung sowie Erwachsenenbildung), Sport, Tierschutz, Menschenrechte und Demokratieentwicklung umfassen.<\/p>\n\n\n\n<p>Zudem sollen auch alle gemeinn\u00fctzigen Kultureinrichtungen die Spendenabsetzbarkeit beantragen k\u00f6nnen. Bislang ist die Spendenabsetzbarkeit f\u00fcr Kultureinrichtungen an den Erhalt von Bundes- oder Landesf\u00f6rderungen gekoppelt.<\/p>\n\n\n\n<p>Im Bereich der Bildung sollen \u00f6ffentliche Kinderg\u00e4rten und Schulen schon dem Gesetz nach spendenbeg\u00fcnstigt sein. Andere Bildungseinrichtungen k\u00f6nnen einen Antrag an das Finanzamt \u00d6sterreich auf bescheidm\u00e4\u00dfige Anerkennung als beg\u00fcnstigte Einrichtung stellen.<\/p>\n\n\n\n<p><strong>Antrag bereits nach dem ersten Jahr<\/strong><\/p>\n\n\n\n<p>Die Spendenabsetzbarkeit kann in Zukunft bereits nach dem ersten Jahr der Verfolgung gemeinn\u00fctziger T\u00e4tigkeiten beantragt werden. Die bisherige Mindestbestandsdauer zur Erlangung der Spendenabsetzbarkeit von drei Jahren wird dadurch deutlich gek\u00fcrzt.<\/p>\n\n\n\n<p>F\u00fcr kleinere Organisationen mit Spendeneinnahmen von unter EUR 1 Mio. soll der Zugang zur Spendenbeg\u00fcnstigung wesentlich erleichtert werden. K\u00fcnftig soll f\u00fcr kleine Organisationen eine Best\u00e4tigung durch eine Steuerberatungskanzlei pro Jahr ausreichen. Eine j\u00e4hrliche Wirtschaftspr\u00fcfung soll erst ab Spendeneinnahmen von j\u00e4hrlich EUR 1 Mio. erforderlich sein.<\/p>\n\n\n\n<p>Auch die Umsatzgrenze von EUR 40.000,00, ab der eine Ausnahmegenehmigung der Finanzverwaltung f\u00fcr beg\u00fcnstigungssch\u00e4dliche T\u00e4tigkeiten erforderlich ist, soll auf EUR 100.000,00 angehoben werden. Zudem sollen Ausnahmegenehmigungen zuk\u00fcnftig auch r\u00fcckwirkend erteilt werden k\u00f6nnen.<\/p>\n\n\n\n<p>Bei Wegfall des beg\u00fcnstigten Zwecks oder bei Aufl\u00f6sung soll es zu einer Nachversteuerung von steuerfreien Eink\u00fcnften f\u00fcr einen Zeitraum von bis zu zehn Jahren kommen, wenn f\u00fcr beg\u00fcnstigte Zwecke gewidmete Mittel nicht daf\u00fcr verwendet werden.<\/p>\n\n\n\n<p><strong>Gemeinn\u00fctzige Stiftungen<\/strong><\/p>\n\n\n\n<p>Die Errichtung gemeinn\u00fctziger Stiftungen soll durch die Anhebung der steuerwirksamen Ber\u00fccksichtigung von Verm\u00f6gensstockzuwendungen von 10 % auf 20 % sowie durch deren Vortragsf\u00e4higkeit attraktiver gemacht werden. Au\u00dferdem soll bereits im ersten Jahr der Stiftungsgr\u00fcndung die gemeinn\u00fctzige Verwendung des Stiftungskapitals erm\u00f6glicht werden. Bislang d\u00fcrfen in den ersten drei Jahren nur die Ertr\u00e4ge der Verm\u00f6gensstockzuwendung f\u00fcr den Stiftungszweck verwendet werden. Die erforderliche Spendenbeg\u00fcnstigung f\u00fcr Stiftungen wird ebenso bereits nach einem einj\u00e4hrigen Wirken beantragt werden k\u00f6nnen. Aktuell ist dies f\u00fcr Stiftungen fr\u00fchestens nach einem dreij\u00e4hrigen Wirken m\u00f6glich.<\/p>\n\n\n\n<p><strong>Hinweis:<\/strong><br>Diese weitreichenden \u00c4nderungen sollen ab 1.1.2024 in Kraft treten. Die konkrete Gesetzwerdung bleibt noch abzuwarten. Wir werden Sie auf dem Laufenden halten.<\/p>\n","protected":false},"excerpt":{"rendered":"<p>2024 bringt voraussichtlich grundlegende Erweiterungen der Spendenabsetzbarkeit und Neuerungen zur Gemeinn\u00fctzigkeit. Ab 1.1.2024 soll es f\u00fcr alle gemeinn\u00fctzigen Rechtstr\u00e4ger die M\u00f6glichkeit geben, die steuerliche Spendenabsetzbarkeit zu erlangen. Die Spendenabsetzbarkeit soll nicht mehr nur auf mildt\u00e4tige Zwecke oder Forschungszwecke beschr\u00e4nkt werden, sondern k\u00fcnftig auch bisher nicht spendenbeg\u00fcnstigte gemeinn\u00fctzige Zwecke wie Bildung (Elementarp\u00e4dagogik, Schulbildung, Berufsaus- und -fortbildung [&hellip;]<\/p>\n","protected":false},"author":6,"featured_media":5574,"comment_status":"closed","ping_status":"open","sticky":false,"template":"","format":"standard","meta":{"inline_featured_image":false,"footnotes":""},"categories":[14],"tags":[],"class_list":["post-5571","post","type-post","status-publish","format-standard","has-post-thumbnail","hentry","category-unkategorisiert"],"yoast_head":"<!-- This site is optimized with the Yoast SEO plugin v27.4 - https:\/\/yoast.com\/product\/yoast-seo-wordpress\/ -->\n<title>Ausweitung der Spendenbeg\u00fcnstigung 2024<\/title>\n<meta name=\"description\" content=\"2024 bringt voraussichtlich grundlegende Erweiterungen der Spendenabsetzbarkeit und Neuerungen zur Gemeinn\u00fctzigkeit.\" \/>\n<meta name=\"robots\" content=\"index, follow, max-snippet:-1, max-image-preview:large, max-video-preview:-1\" \/>\n<link rel=\"canonical\" href=\"https:\/\/area-bollenberger.at\/ausweitung-der-spendenbeguenstigung-2024\/\" \/>\n<meta property=\"og:locale\" content=\"en_US\" \/>\n<meta property=\"og:type\" content=\"article\" \/>\n<meta property=\"og:title\" content=\"Ausweitung der Spendenbeg\u00fcnstigung 2024\" \/>\n<meta property=\"og:description\" content=\"2024 bringt voraussichtlich grundlegende Erweiterungen der Spendenabsetzbarkeit und Neuerungen zur Gemeinn\u00fctzigkeit.\" \/>\n<meta property=\"og:url\" content=\"https:\/\/area-bollenberger.at\/ausweitung-der-spendenbeguenstigung-2024\/\" \/>\n<meta property=\"og:site_name\" content=\"Area Bollenberger\" \/>\n<meta property=\"article:publisher\" content=\"https:\/\/www.facebook.com\/Bollenberger.Bollenberger\/\" \/>\n<meta property=\"article:published_time\" content=\"2023-11-15T15:47:58+00:00\" \/>\n<meta property=\"article:modified_time\" content=\"2025-08-03T19:03:44+00:00\" \/>\n<meta property=\"og:image\" content=\"https:\/\/area-bollenberger.at\/wp-content\/uploads\/2023\/11\/Ausweitung-der-Spendenbegunstigung-2024_web.jpg\" \/>\n\t<meta property=\"og:image:width\" content=\"660\" \/>\n\t<meta property=\"og:image:height\" content=\"318\" \/>\n\t<meta property=\"og:image:type\" content=\"image\/jpeg\" \/>\n<meta name=\"author\" content=\"Programmer\" \/>\n<meta name=\"twitter:card\" content=\"summary_large_image\" \/>\n<meta name=\"twitter:label1\" content=\"Written by\" \/>\n\t<meta name=\"twitter:data1\" content=\"Programmer\" \/>\n\t<meta name=\"twitter:label2\" content=\"Est. reading time\" \/>\n\t<meta name=\"twitter:data2\" content=\"2 minutes\" \/>\n<script type=\"application\/ld+json\" class=\"yoast-schema-graph\">{\"@context\":\"https:\\\/\\\/schema.org\",\"@graph\":[{\"@type\":\"Article\",\"@id\":\"https:\\\/\\\/area-bollenberger.at\\\/ausweitung-der-spendenbeguenstigung-2024\\\/#article\",\"isPartOf\":{\"@id\":\"https:\\\/\\\/area-bollenberger.at\\\/ausweitung-der-spendenbeguenstigung-2024\\\/\"},\"author\":{\"name\":\"Programmer\",\"@id\":\"https:\\\/\\\/area-bollenberger.at\\\/#\\\/schema\\\/person\\\/20352707a97ff830a14845de19948b88\"},\"headline\":\"Ausweitung der Spendenbeg\u00fcnstigung 2024\",\"datePublished\":\"2023-11-15T15:47:58+00:00\",\"dateModified\":\"2025-08-03T19:03:44+00:00\",\"mainEntityOfPage\":{\"@id\":\"https:\\\/\\\/area-bollenberger.at\\\/ausweitung-der-spendenbeguenstigung-2024\\\/\"},\"wordCount\":434,\"image\":{\"@id\":\"https:\\\/\\\/area-bollenberger.at\\\/ausweitung-der-spendenbeguenstigung-2024\\\/#primaryimage\"},\"thumbnailUrl\":\"https:\\\/\\\/area-bollenberger.at\\\/wp-content\\\/uploads\\\/2023\\\/11\\\/Ausweitung-der-Spendenbegunstigung-2024_web.jpg\",\"articleSection\":[\"Unkategorisiert\"],\"inLanguage\":\"en-US\"},{\"@type\":\"WebPage\",\"@id\":\"https:\\\/\\\/area-bollenberger.at\\\/ausweitung-der-spendenbeguenstigung-2024\\\/\",\"url\":\"https:\\\/\\\/area-bollenberger.at\\\/ausweitung-der-spendenbeguenstigung-2024\\\/\",\"name\":\"Ausweitung der Spendenbeg\u00fcnstigung 2024\",\"isPartOf\":{\"@id\":\"https:\\\/\\\/area-bollenberger.at\\\/#website\"},\"primaryImageOfPage\":{\"@id\":\"https:\\\/\\\/area-bollenberger.at\\\/ausweitung-der-spendenbeguenstigung-2024\\\/#primaryimage\"},\"image\":{\"@id\":\"https:\\\/\\\/area-bollenberger.at\\\/ausweitung-der-spendenbeguenstigung-2024\\\/#primaryimage\"},\"thumbnailUrl\":\"https:\\\/\\\/area-bollenberger.at\\\/wp-content\\\/uploads\\\/2023\\\/11\\\/Ausweitung-der-Spendenbegunstigung-2024_web.jpg\",\"datePublished\":\"2023-11-15T15:47:58+00:00\",\"dateModified\":\"2025-08-03T19:03:44+00:00\",\"author\":{\"@id\":\"https:\\\/\\\/area-bollenberger.at\\\/#\\\/schema\\\/person\\\/20352707a97ff830a14845de19948b88\"},\"description\":\"2024 bringt voraussichtlich grundlegende Erweiterungen der Spendenabsetzbarkeit und Neuerungen zur Gemeinn\u00fctzigkeit.\",\"breadcrumb\":{\"@id\":\"https:\\\/\\\/area-bollenberger.at\\\/ausweitung-der-spendenbeguenstigung-2024\\\/#breadcrumb\"},\"inLanguage\":\"en-US\",\"potentialAction\":[{\"@type\":\"ReadAction\",\"target\":[\"https:\\\/\\\/area-bollenberger.at\\\/ausweitung-der-spendenbeguenstigung-2024\\\/\"]}]},{\"@type\":\"ImageObject\",\"inLanguage\":\"en-US\",\"@id\":\"https:\\\/\\\/area-bollenberger.at\\\/ausweitung-der-spendenbeguenstigung-2024\\\/#primaryimage\",\"url\":\"https:\\\/\\\/area-bollenberger.at\\\/wp-content\\\/uploads\\\/2023\\\/11\\\/Ausweitung-der-Spendenbegunstigung-2024_web.jpg\",\"contentUrl\":\"https:\\\/\\\/area-bollenberger.at\\\/wp-content\\\/uploads\\\/2023\\\/11\\\/Ausweitung-der-Spendenbegunstigung-2024_web.jpg\",\"width\":660,\"height\":318},{\"@type\":\"BreadcrumbList\",\"@id\":\"https:\\\/\\\/area-bollenberger.at\\\/ausweitung-der-spendenbeguenstigung-2024\\\/#breadcrumb\",\"itemListElement\":[{\"@type\":\"ListItem\",\"position\":1,\"name\":\"Start\",\"item\":\"https:\\\/\\\/area-bollenberger.at\\\/en\\\/\"},{\"@type\":\"ListItem\",\"position\":2,\"name\":\"Ausweitung der Spendenbeg\u00fcnstigung 2024\"}]},{\"@type\":\"WebSite\",\"@id\":\"https:\\\/\\\/area-bollenberger.at\\\/#website\",\"url\":\"https:\\\/\\\/area-bollenberger.at\\\/\",\"name\":\"Area Bollenberger\",\"description\":\"Ihr Steuerberater in Wiener Neustadt, Wien, Graz, Purkersdorf\",\"potentialAction\":[{\"@type\":\"SearchAction\",\"target\":{\"@type\":\"EntryPoint\",\"urlTemplate\":\"https:\\\/\\\/area-bollenberger.at\\\/?s={search_term_string}\"},\"query-input\":{\"@type\":\"PropertyValueSpecification\",\"valueRequired\":true,\"valueName\":\"search_term_string\"}}],\"inLanguage\":\"en-US\"},{\"@type\":\"Person\",\"@id\":\"https:\\\/\\\/area-bollenberger.at\\\/#\\\/schema\\\/person\\\/20352707a97ff830a14845de19948b88\",\"name\":\"Programmer\",\"image\":{\"@type\":\"ImageObject\",\"inLanguage\":\"en-US\",\"@id\":\"https:\\\/\\\/secure.gravatar.com\\\/avatar\\\/32a5fef8e085a355e1185a47fe3fab2c6e582bf7eefcf7bc8cefef9fff0682b4?s=96&d=mm&r=g\",\"url\":\"https:\\\/\\\/secure.gravatar.com\\\/avatar\\\/32a5fef8e085a355e1185a47fe3fab2c6e582bf7eefcf7bc8cefef9fff0682b4?s=96&d=mm&r=g\",\"contentUrl\":\"https:\\\/\\\/secure.gravatar.com\\\/avatar\\\/32a5fef8e085a355e1185a47fe3fab2c6e582bf7eefcf7bc8cefef9fff0682b4?s=96&d=mm&r=g\",\"caption\":\"Programmer\"},\"url\":\"https:\\\/\\\/area-bollenberger.at\\\/en\\\/author\\\/programmer\\\/\"}]}<\/script>\n<!-- \/ Yoast SEO plugin. -->","yoast_head_json":{"title":"Ausweitung der Spendenbeg\u00fcnstigung 2024","description":"2024 bringt voraussichtlich grundlegende Erweiterungen der Spendenabsetzbarkeit und Neuerungen zur Gemeinn\u00fctzigkeit.","robots":{"index":"index","follow":"follow","max-snippet":"max-snippet:-1","max-image-preview":"max-image-preview:large","max-video-preview":"max-video-preview:-1"},"canonical":"https:\/\/area-bollenberger.at\/ausweitung-der-spendenbeguenstigung-2024\/","og_locale":"en_US","og_type":"article","og_title":"Ausweitung der Spendenbeg\u00fcnstigung 2024","og_description":"2024 bringt voraussichtlich grundlegende Erweiterungen der Spendenabsetzbarkeit und Neuerungen zur Gemeinn\u00fctzigkeit.","og_url":"https:\/\/area-bollenberger.at\/ausweitung-der-spendenbeguenstigung-2024\/","og_site_name":"Area Bollenberger","article_publisher":"https:\/\/www.facebook.com\/Bollenberger.Bollenberger\/","article_published_time":"2023-11-15T15:47:58+00:00","article_modified_time":"2025-08-03T19:03:44+00:00","og_image":[{"width":660,"height":318,"url":"https:\/\/area-bollenberger.at\/wp-content\/uploads\/2023\/11\/Ausweitung-der-Spendenbegunstigung-2024_web.jpg","type":"image\/jpeg"}],"author":"Programmer","twitter_card":"summary_large_image","twitter_misc":{"Written by":"Programmer","Est. reading time":"2 minutes"},"schema":{"@context":"https:\/\/schema.org","@graph":[{"@type":"Article","@id":"https:\/\/area-bollenberger.at\/ausweitung-der-spendenbeguenstigung-2024\/#article","isPartOf":{"@id":"https:\/\/area-bollenberger.at\/ausweitung-der-spendenbeguenstigung-2024\/"},"author":{"name":"Programmer","@id":"https:\/\/area-bollenberger.at\/#\/schema\/person\/20352707a97ff830a14845de19948b88"},"headline":"Ausweitung der Spendenbeg\u00fcnstigung 2024","datePublished":"2023-11-15T15:47:58+00:00","dateModified":"2025-08-03T19:03:44+00:00","mainEntityOfPage":{"@id":"https:\/\/area-bollenberger.at\/ausweitung-der-spendenbeguenstigung-2024\/"},"wordCount":434,"image":{"@id":"https:\/\/area-bollenberger.at\/ausweitung-der-spendenbeguenstigung-2024\/#primaryimage"},"thumbnailUrl":"https:\/\/area-bollenberger.at\/wp-content\/uploads\/2023\/11\/Ausweitung-der-Spendenbegunstigung-2024_web.jpg","articleSection":["Unkategorisiert"],"inLanguage":"en-US"},{"@type":"WebPage","@id":"https:\/\/area-bollenberger.at\/ausweitung-der-spendenbeguenstigung-2024\/","url":"https:\/\/area-bollenberger.at\/ausweitung-der-spendenbeguenstigung-2024\/","name":"Ausweitung der Spendenbeg\u00fcnstigung 2024","isPartOf":{"@id":"https:\/\/area-bollenberger.at\/#website"},"primaryImageOfPage":{"@id":"https:\/\/area-bollenberger.at\/ausweitung-der-spendenbeguenstigung-2024\/#primaryimage"},"image":{"@id":"https:\/\/area-bollenberger.at\/ausweitung-der-spendenbeguenstigung-2024\/#primaryimage"},"thumbnailUrl":"https:\/\/area-bollenberger.at\/wp-content\/uploads\/2023\/11\/Ausweitung-der-Spendenbegunstigung-2024_web.jpg","datePublished":"2023-11-15T15:47:58+00:00","dateModified":"2025-08-03T19:03:44+00:00","author":{"@id":"https:\/\/area-bollenberger.at\/#\/schema\/person\/20352707a97ff830a14845de19948b88"},"description":"2024 bringt voraussichtlich grundlegende Erweiterungen der Spendenabsetzbarkeit und Neuerungen zur Gemeinn\u00fctzigkeit.","breadcrumb":{"@id":"https:\/\/area-bollenberger.at\/ausweitung-der-spendenbeguenstigung-2024\/#breadcrumb"},"inLanguage":"en-US","potentialAction":[{"@type":"ReadAction","target":["https:\/\/area-bollenberger.at\/ausweitung-der-spendenbeguenstigung-2024\/"]}]},{"@type":"ImageObject","inLanguage":"en-US","@id":"https:\/\/area-bollenberger.at\/ausweitung-der-spendenbeguenstigung-2024\/#primaryimage","url":"https:\/\/area-bollenberger.at\/wp-content\/uploads\/2023\/11\/Ausweitung-der-Spendenbegunstigung-2024_web.jpg","contentUrl":"https:\/\/area-bollenberger.at\/wp-content\/uploads\/2023\/11\/Ausweitung-der-Spendenbegunstigung-2024_web.jpg","width":660,"height":318},{"@type":"BreadcrumbList","@id":"https:\/\/area-bollenberger.at\/ausweitung-der-spendenbeguenstigung-2024\/#breadcrumb","itemListElement":[{"@type":"ListItem","position":1,"name":"Start","item":"https:\/\/area-bollenberger.at\/en\/"},{"@type":"ListItem","position":2,"name":"Ausweitung der Spendenbeg\u00fcnstigung 2024"}]},{"@type":"WebSite","@id":"https:\/\/area-bollenberger.at\/#website","url":"https:\/\/area-bollenberger.at\/","name":"Area Bollenberger","description":"Ihr Steuerberater in Wiener Neustadt, Wien, Graz, Purkersdorf","potentialAction":[{"@type":"SearchAction","target":{"@type":"EntryPoint","urlTemplate":"https:\/\/area-bollenberger.at\/?s={search_term_string}"},"query-input":{"@type":"PropertyValueSpecification","valueRequired":true,"valueName":"search_term_string"}}],"inLanguage":"en-US"},{"@type":"Person","@id":"https:\/\/area-bollenberger.at\/#\/schema\/person\/20352707a97ff830a14845de19948b88","name":"Programmer","image":{"@type":"ImageObject","inLanguage":"en-US","@id":"https:\/\/secure.gravatar.com\/avatar\/32a5fef8e085a355e1185a47fe3fab2c6e582bf7eefcf7bc8cefef9fff0682b4?s=96&d=mm&r=g","url":"https:\/\/secure.gravatar.com\/avatar\/32a5fef8e085a355e1185a47fe3fab2c6e582bf7eefcf7bc8cefef9fff0682b4?s=96&d=mm&r=g","contentUrl":"https:\/\/secure.gravatar.com\/avatar\/32a5fef8e085a355e1185a47fe3fab2c6e582bf7eefcf7bc8cefef9fff0682b4?s=96&d=mm&r=g","caption":"Programmer"},"url":"https:\/\/area-bollenberger.at\/en\/author\/programmer\/"}]}},"_links":{"self":[{"href":"https:\/\/area-bollenberger.at\/en\/wp-json\/wp\/v2\/posts\/5571","targetHints":{"allow":["GET"]}}],"collection":[{"href":"https:\/\/area-bollenberger.at\/en\/wp-json\/wp\/v2\/posts"}],"about":[{"href":"https:\/\/area-bollenberger.at\/en\/wp-json\/wp\/v2\/types\/post"}],"author":[{"embeddable":true,"href":"https:\/\/area-bollenberger.at\/en\/wp-json\/wp\/v2\/users\/6"}],"replies":[{"embeddable":true,"href":"https:\/\/area-bollenberger.at\/en\/wp-json\/wp\/v2\/comments?post=5571"}],"version-history":[{"count":1,"href":"https:\/\/area-bollenberger.at\/en\/wp-json\/wp\/v2\/posts\/5571\/revisions"}],"predecessor-version":[{"id":7014,"href":"https:\/\/area-bollenberger.at\/en\/wp-json\/wp\/v2\/posts\/5571\/revisions\/7014"}],"wp:featuredmedia":[{"embeddable":true,"href":"https:\/\/area-bollenberger.at\/en\/wp-json\/wp\/v2\/media\/5574"}],"wp:attachment":[{"href":"https:\/\/area-bollenberger.at\/en\/wp-json\/wp\/v2\/media?parent=5571"}],"wp:term":[{"taxonomy":"category","embeddable":true,"href":"https:\/\/area-bollenberger.at\/en\/wp-json\/wp\/v2\/categories?post=5571"},{"taxonomy":"post_tag","embeddable":true,"href":"https:\/\/area-bollenberger.at\/en\/wp-json\/wp\/v2\/tags?post=5571"}],"curies":[{"name":"wp","href":"https:\/\/api.w.org\/{rel}","templated":true}]}}