{"id":5308,"date":"2023-04-14T13:59:41","date_gmt":"2023-04-14T13:59:41","guid":{"rendered":"https:\/\/area-bollenberger.at\/?p=5308"},"modified":"2025-08-03T21:03:45","modified_gmt":"2025-08-03T19:03:45","slug":"vorsteuerabzug-bei-gemischt-genutztem-ferienappartement","status":"publish","type":"post","link":"https:\/\/area-bollenberger.at\/en\/vorsteuerabzug-bei-gemischt-genutztem-ferienappartement\/","title":{"rendered":"Vorsteuerabzug bei gemischt genutztem Ferienappartement"},"content":{"rendered":"\n<p>Wird eine Ferienwohnung teilweise privat und teilweise f\u00fcr umsatzsteuerpflichtige Vermietungszwecke verwendet, stellt sich die Frage, inwieweit ein Vorsteuerabzug aus den Anschaffungskosten geltend gemacht werden kann.<\/p>\n\n\n\n<p>Der abziehbare Anteil des Vorsteuerabzuges bei gemischter Nutzung ergibt sich in der Regel aus dem Verh\u00e4ltnis der Zeitr\u00e4ume der tats\u00e4chlichen unternehmerischen und der privaten Nutzung. Entscheidend sind somit die Zeitr\u00e4ume, in welchen die Ferienwohnung an G\u00e4ste vermietet wurde und in welchen der Eigent\u00fcmer diese Wohnung selbst nutzt.<\/p>\n\n\n\n<p><strong>Entscheidung des Bundesfinanzgerichtes<\/strong><\/p>\n\n\n\n<p>In einer aktuellen Entscheidung hat nun das Bundesfinanzgericht (BFG) festgestellt, wie Leerstandzeiten bei der Aufteilung in unternehmerische und private Nutzung zu ber\u00fccksichtigen sind. In dem vorliegenden Fall wurde ein Appartement erworben und eine Betreiber-GmbH mit der touristischen Vermietung des Appartements beauftragt.<\/p>\n\n\n\n<p>Die GmbH verpflichtete sich zu entsprechenden Anstrengungen, einen bestm\u00f6glichen Ertrag zu erzielen. Die Eigent\u00fcmer hatten keinen Schl\u00fcssel f\u00fcr ihre Wohnung und konnten sich nur wie andere G\u00e4ste im Rahmen des Hotelbetriebes gegen Verrechnung von Resort und Betriebskosten einbuchen.<\/p>\n\n\n\n<p>Die Berechnung der Privatnutzung hat nach Ansicht der Finanzbeh\u00f6rde wie folgt zu erfolgen: Privat genutzte Wochen\/(privat genutzte Wochen + vermietete Wochen). Die Leerstehezeiten werden bei dieser Methodik au\u00dfer Ansatz gelassen. Dies f\u00fchrt dazu, dass eine h\u00f6here Vorsteuerk\u00fcrzung notwendig ist. Dagegen erhob der Vermieter Beschwerde und f\u00fchrte aus, dass die anteilige Vorsteuerk\u00fcrzung f\u00fcr die zeitliche Privatnutzung der Wohnung wie folgt zu berechnen ist: Privat genutzte Wochen\/52 Kalenderwochen.<\/p>\n\n\n\n<p><strong>Keine Vorsteuerk\u00fcrzung f\u00fcr Leerstand<\/strong><\/p>\n\n\n\n<p>Das BFG sah im konkreten Fall auf Grund der vertraglichen Bestimmungen nur die Zeitr\u00e4ume der tats\u00e4chlichen Privatnutzung und nicht auch den Leerstand (anteilig) als privat und gab somit der Beschwerde des Vermieters statt.<\/p>\n\n\n\n<p><strong>Fazit:<\/strong><br>Die Aufteilung der gemischt-veranlassten Aufwendungen f\u00fcr den Vorsteuerabzug hat in der Regel nach dem Verh\u00e4ltnis der Tage der Eigennutzung zu den Tagen der Gesamtnutzung (Vermietung und Eigennutzung) zu erfolgen, soweit eine Selbstnutzung jederzeit m\u00f6glich ist. Aus dem Erkenntnis ist ersichtlich, dass die konkrete Gestaltung der Vertr\u00e4ge unmittelbaren Einfluss auf die H\u00f6he der abziehbaren Vorsteuern haben kann. Wir unterst\u00fctzen Sie gerne bei steuerlichen Fragen zur Vermietung von Wohnungen.<\/p>\n","protected":false},"excerpt":{"rendered":"<p>Wird eine Ferienwohnung teilweise privat und teilweise f\u00fcr umsatzsteuerpflichtige Vermietungszwecke verwendet, stellt sich die Frage, inwieweit ein Vorsteuerabzug aus den Anschaffungskosten geltend gemacht werden kann. Der abziehbare Anteil des Vorsteuerabzuges bei gemischter Nutzung ergibt sich in der Regel aus dem Verh\u00e4ltnis der Zeitr\u00e4ume der tats\u00e4chlichen unternehmerischen und der privaten Nutzung. Entscheidend sind somit die Zeitr\u00e4ume, [&hellip;]<\/p>\n","protected":false},"author":6,"featured_media":5320,"comment_status":"closed","ping_status":"open","sticky":false,"template":"","format":"standard","meta":{"inline_featured_image":false,"footnotes":""},"categories":[14],"tags":[],"class_list":["post-5308","post","type-post","status-publish","format-standard","has-post-thumbnail","hentry","category-unkategorisiert"],"yoast_head":"<!-- This site is optimized with the Yoast SEO plugin v27.4 - https:\/\/yoast.com\/product\/yoast-seo-wordpress\/ -->\n<title>Vorsteuerabzug bei gemischt genutztem Ferienappartement<\/title>\n<meta name=\"description\" content=\"Die GmbH verpflichtete sich zu entsprechenden Anstrengungen, einen bestm\u00f6glichen Ertrag zu erzielen.\" \/>\n<meta name=\"robots\" content=\"index, follow, max-snippet:-1, max-image-preview:large, max-video-preview:-1\" \/>\n<link rel=\"canonical\" href=\"https:\/\/area-bollenberger.at\/vorsteuerabzug-bei-gemischt-genutztem-ferienappartement\/\" \/>\n<meta property=\"og:locale\" content=\"en_US\" \/>\n<meta property=\"og:type\" content=\"article\" \/>\n<meta property=\"og:title\" content=\"Vorsteuerabzug bei gemischt genutztem Ferienappartement\" \/>\n<meta property=\"og:description\" content=\"Die GmbH verpflichtete sich zu entsprechenden Anstrengungen, einen bestm\u00f6glichen Ertrag zu erzielen.\" \/>\n<meta property=\"og:url\" content=\"https:\/\/area-bollenberger.at\/vorsteuerabzug-bei-gemischt-genutztem-ferienappartement\/\" \/>\n<meta property=\"og:site_name\" content=\"Area Bollenberger\" \/>\n<meta property=\"article:publisher\" content=\"https:\/\/www.facebook.com\/Bollenberger.Bollenberger\/\" \/>\n<meta property=\"article:published_time\" content=\"2023-04-14T13:59:41+00:00\" \/>\n<meta property=\"article:modified_time\" content=\"2025-08-03T19:03:45+00:00\" \/>\n<meta property=\"og:image\" content=\"https:\/\/area-bollenberger.at\/wp-content\/uploads\/2023\/04\/Vorsteuerabzug-bei-gemischt-genutztem-Ferienappartement_website.jpg\" \/>\n\t<meta property=\"og:image:width\" content=\"660\" \/>\n\t<meta property=\"og:image:height\" content=\"318\" \/>\n\t<meta property=\"og:image:type\" content=\"image\/jpeg\" \/>\n<meta name=\"author\" content=\"Programmer\" \/>\n<meta name=\"twitter:card\" content=\"summary_large_image\" \/>\n<meta name=\"twitter:label1\" content=\"Written by\" \/>\n\t<meta name=\"twitter:data1\" content=\"Programmer\" \/>\n\t<meta name=\"twitter:label2\" content=\"Est. reading time\" \/>\n\t<meta name=\"twitter:data2\" content=\"2 minutes\" \/>\n<script type=\"application\/ld+json\" class=\"yoast-schema-graph\">{\"@context\":\"https:\\\/\\\/schema.org\",\"@graph\":[{\"@type\":\"Article\",\"@id\":\"https:\\\/\\\/area-bollenberger.at\\\/vorsteuerabzug-bei-gemischt-genutztem-ferienappartement\\\/#article\",\"isPartOf\":{\"@id\":\"https:\\\/\\\/area-bollenberger.at\\\/vorsteuerabzug-bei-gemischt-genutztem-ferienappartement\\\/\"},\"author\":{\"name\":\"Programmer\",\"@id\":\"https:\\\/\\\/area-bollenberger.at\\\/#\\\/schema\\\/person\\\/20352707a97ff830a14845de19948b88\"},\"headline\":\"Vorsteuerabzug bei gemischt genutztem Ferienappartement\",\"datePublished\":\"2023-04-14T13:59:41+00:00\",\"dateModified\":\"2025-08-03T19:03:45+00:00\",\"mainEntityOfPage\":{\"@id\":\"https:\\\/\\\/area-bollenberger.at\\\/vorsteuerabzug-bei-gemischt-genutztem-ferienappartement\\\/\"},\"wordCount\":361,\"image\":{\"@id\":\"https:\\\/\\\/area-bollenberger.at\\\/vorsteuerabzug-bei-gemischt-genutztem-ferienappartement\\\/#primaryimage\"},\"thumbnailUrl\":\"https:\\\/\\\/area-bollenberger.at\\\/wp-content\\\/uploads\\\/2023\\\/04\\\/Vorsteuerabzug-bei-gemischt-genutztem-Ferienappartement_website.jpg\",\"articleSection\":[\"Unkategorisiert\"],\"inLanguage\":\"en-US\"},{\"@type\":\"WebPage\",\"@id\":\"https:\\\/\\\/area-bollenberger.at\\\/vorsteuerabzug-bei-gemischt-genutztem-ferienappartement\\\/\",\"url\":\"https:\\\/\\\/area-bollenberger.at\\\/vorsteuerabzug-bei-gemischt-genutztem-ferienappartement\\\/\",\"name\":\"Vorsteuerabzug bei gemischt genutztem Ferienappartement\",\"isPartOf\":{\"@id\":\"https:\\\/\\\/area-bollenberger.at\\\/#website\"},\"primaryImageOfPage\":{\"@id\":\"https:\\\/\\\/area-bollenberger.at\\\/vorsteuerabzug-bei-gemischt-genutztem-ferienappartement\\\/#primaryimage\"},\"image\":{\"@id\":\"https:\\\/\\\/area-bollenberger.at\\\/vorsteuerabzug-bei-gemischt-genutztem-ferienappartement\\\/#primaryimage\"},\"thumbnailUrl\":\"https:\\\/\\\/area-bollenberger.at\\\/wp-content\\\/uploads\\\/2023\\\/04\\\/Vorsteuerabzug-bei-gemischt-genutztem-Ferienappartement_website.jpg\",\"datePublished\":\"2023-04-14T13:59:41+00:00\",\"dateModified\":\"2025-08-03T19:03:45+00:00\",\"author\":{\"@id\":\"https:\\\/\\\/area-bollenberger.at\\\/#\\\/schema\\\/person\\\/20352707a97ff830a14845de19948b88\"},\"description\":\"Die GmbH verpflichtete sich zu entsprechenden Anstrengungen, einen bestm\u00f6glichen Ertrag zu erzielen.\",\"breadcrumb\":{\"@id\":\"https:\\\/\\\/area-bollenberger.at\\\/vorsteuerabzug-bei-gemischt-genutztem-ferienappartement\\\/#breadcrumb\"},\"inLanguage\":\"en-US\",\"potentialAction\":[{\"@type\":\"ReadAction\",\"target\":[\"https:\\\/\\\/area-bollenberger.at\\\/vorsteuerabzug-bei-gemischt-genutztem-ferienappartement\\\/\"]}]},{\"@type\":\"ImageObject\",\"inLanguage\":\"en-US\",\"@id\":\"https:\\\/\\\/area-bollenberger.at\\\/vorsteuerabzug-bei-gemischt-genutztem-ferienappartement\\\/#primaryimage\",\"url\":\"https:\\\/\\\/area-bollenberger.at\\\/wp-content\\\/uploads\\\/2023\\\/04\\\/Vorsteuerabzug-bei-gemischt-genutztem-Ferienappartement_website.jpg\",\"contentUrl\":\"https:\\\/\\\/area-bollenberger.at\\\/wp-content\\\/uploads\\\/2023\\\/04\\\/Vorsteuerabzug-bei-gemischt-genutztem-Ferienappartement_website.jpg\",\"width\":660,\"height\":318},{\"@type\":\"BreadcrumbList\",\"@id\":\"https:\\\/\\\/area-bollenberger.at\\\/vorsteuerabzug-bei-gemischt-genutztem-ferienappartement\\\/#breadcrumb\",\"itemListElement\":[{\"@type\":\"ListItem\",\"position\":1,\"name\":\"Start\",\"item\":\"https:\\\/\\\/area-bollenberger.at\\\/en\\\/\"},{\"@type\":\"ListItem\",\"position\":2,\"name\":\"Vorsteuerabzug bei gemischt genutztem Ferienappartement\"}]},{\"@type\":\"WebSite\",\"@id\":\"https:\\\/\\\/area-bollenberger.at\\\/#website\",\"url\":\"https:\\\/\\\/area-bollenberger.at\\\/\",\"name\":\"Area Bollenberger\",\"description\":\"Ihr Steuerberater in Wiener Neustadt, Wien, Graz, Purkersdorf\",\"potentialAction\":[{\"@type\":\"SearchAction\",\"target\":{\"@type\":\"EntryPoint\",\"urlTemplate\":\"https:\\\/\\\/area-bollenberger.at\\\/?s={search_term_string}\"},\"query-input\":{\"@type\":\"PropertyValueSpecification\",\"valueRequired\":true,\"valueName\":\"search_term_string\"}}],\"inLanguage\":\"en-US\"},{\"@type\":\"Person\",\"@id\":\"https:\\\/\\\/area-bollenberger.at\\\/#\\\/schema\\\/person\\\/20352707a97ff830a14845de19948b88\",\"name\":\"Programmer\",\"image\":{\"@type\":\"ImageObject\",\"inLanguage\":\"en-US\",\"@id\":\"https:\\\/\\\/secure.gravatar.com\\\/avatar\\\/32a5fef8e085a355e1185a47fe3fab2c6e582bf7eefcf7bc8cefef9fff0682b4?s=96&d=mm&r=g\",\"url\":\"https:\\\/\\\/secure.gravatar.com\\\/avatar\\\/32a5fef8e085a355e1185a47fe3fab2c6e582bf7eefcf7bc8cefef9fff0682b4?s=96&d=mm&r=g\",\"contentUrl\":\"https:\\\/\\\/secure.gravatar.com\\\/avatar\\\/32a5fef8e085a355e1185a47fe3fab2c6e582bf7eefcf7bc8cefef9fff0682b4?s=96&d=mm&r=g\",\"caption\":\"Programmer\"},\"url\":\"https:\\\/\\\/area-bollenberger.at\\\/en\\\/author\\\/programmer\\\/\"}]}<\/script>\n<!-- \/ Yoast SEO plugin. -->","yoast_head_json":{"title":"Vorsteuerabzug bei gemischt genutztem Ferienappartement","description":"Die GmbH verpflichtete sich zu entsprechenden Anstrengungen, einen bestm\u00f6glichen Ertrag zu erzielen.","robots":{"index":"index","follow":"follow","max-snippet":"max-snippet:-1","max-image-preview":"max-image-preview:large","max-video-preview":"max-video-preview:-1"},"canonical":"https:\/\/area-bollenberger.at\/vorsteuerabzug-bei-gemischt-genutztem-ferienappartement\/","og_locale":"en_US","og_type":"article","og_title":"Vorsteuerabzug bei gemischt genutztem Ferienappartement","og_description":"Die GmbH verpflichtete sich zu entsprechenden Anstrengungen, einen bestm\u00f6glichen Ertrag zu erzielen.","og_url":"https:\/\/area-bollenberger.at\/vorsteuerabzug-bei-gemischt-genutztem-ferienappartement\/","og_site_name":"Area Bollenberger","article_publisher":"https:\/\/www.facebook.com\/Bollenberger.Bollenberger\/","article_published_time":"2023-04-14T13:59:41+00:00","article_modified_time":"2025-08-03T19:03:45+00:00","og_image":[{"width":660,"height":318,"url":"https:\/\/area-bollenberger.at\/wp-content\/uploads\/2023\/04\/Vorsteuerabzug-bei-gemischt-genutztem-Ferienappartement_website.jpg","type":"image\/jpeg"}],"author":"Programmer","twitter_card":"summary_large_image","twitter_misc":{"Written by":"Programmer","Est. reading time":"2 minutes"},"schema":{"@context":"https:\/\/schema.org","@graph":[{"@type":"Article","@id":"https:\/\/area-bollenberger.at\/vorsteuerabzug-bei-gemischt-genutztem-ferienappartement\/#article","isPartOf":{"@id":"https:\/\/area-bollenberger.at\/vorsteuerabzug-bei-gemischt-genutztem-ferienappartement\/"},"author":{"name":"Programmer","@id":"https:\/\/area-bollenberger.at\/#\/schema\/person\/20352707a97ff830a14845de19948b88"},"headline":"Vorsteuerabzug bei gemischt genutztem Ferienappartement","datePublished":"2023-04-14T13:59:41+00:00","dateModified":"2025-08-03T19:03:45+00:00","mainEntityOfPage":{"@id":"https:\/\/area-bollenberger.at\/vorsteuerabzug-bei-gemischt-genutztem-ferienappartement\/"},"wordCount":361,"image":{"@id":"https:\/\/area-bollenberger.at\/vorsteuerabzug-bei-gemischt-genutztem-ferienappartement\/#primaryimage"},"thumbnailUrl":"https:\/\/area-bollenberger.at\/wp-content\/uploads\/2023\/04\/Vorsteuerabzug-bei-gemischt-genutztem-Ferienappartement_website.jpg","articleSection":["Unkategorisiert"],"inLanguage":"en-US"},{"@type":"WebPage","@id":"https:\/\/area-bollenberger.at\/vorsteuerabzug-bei-gemischt-genutztem-ferienappartement\/","url":"https:\/\/area-bollenberger.at\/vorsteuerabzug-bei-gemischt-genutztem-ferienappartement\/","name":"Vorsteuerabzug bei gemischt genutztem Ferienappartement","isPartOf":{"@id":"https:\/\/area-bollenberger.at\/#website"},"primaryImageOfPage":{"@id":"https:\/\/area-bollenberger.at\/vorsteuerabzug-bei-gemischt-genutztem-ferienappartement\/#primaryimage"},"image":{"@id":"https:\/\/area-bollenberger.at\/vorsteuerabzug-bei-gemischt-genutztem-ferienappartement\/#primaryimage"},"thumbnailUrl":"https:\/\/area-bollenberger.at\/wp-content\/uploads\/2023\/04\/Vorsteuerabzug-bei-gemischt-genutztem-Ferienappartement_website.jpg","datePublished":"2023-04-14T13:59:41+00:00","dateModified":"2025-08-03T19:03:45+00:00","author":{"@id":"https:\/\/area-bollenberger.at\/#\/schema\/person\/20352707a97ff830a14845de19948b88"},"description":"Die GmbH verpflichtete sich zu entsprechenden Anstrengungen, einen bestm\u00f6glichen Ertrag zu erzielen.","breadcrumb":{"@id":"https:\/\/area-bollenberger.at\/vorsteuerabzug-bei-gemischt-genutztem-ferienappartement\/#breadcrumb"},"inLanguage":"en-US","potentialAction":[{"@type":"ReadAction","target":["https:\/\/area-bollenberger.at\/vorsteuerabzug-bei-gemischt-genutztem-ferienappartement\/"]}]},{"@type":"ImageObject","inLanguage":"en-US","@id":"https:\/\/area-bollenberger.at\/vorsteuerabzug-bei-gemischt-genutztem-ferienappartement\/#primaryimage","url":"https:\/\/area-bollenberger.at\/wp-content\/uploads\/2023\/04\/Vorsteuerabzug-bei-gemischt-genutztem-Ferienappartement_website.jpg","contentUrl":"https:\/\/area-bollenberger.at\/wp-content\/uploads\/2023\/04\/Vorsteuerabzug-bei-gemischt-genutztem-Ferienappartement_website.jpg","width":660,"height":318},{"@type":"BreadcrumbList","@id":"https:\/\/area-bollenberger.at\/vorsteuerabzug-bei-gemischt-genutztem-ferienappartement\/#breadcrumb","itemListElement":[{"@type":"ListItem","position":1,"name":"Start","item":"https:\/\/area-bollenberger.at\/en\/"},{"@type":"ListItem","position":2,"name":"Vorsteuerabzug bei gemischt genutztem Ferienappartement"}]},{"@type":"WebSite","@id":"https:\/\/area-bollenberger.at\/#website","url":"https:\/\/area-bollenberger.at\/","name":"Area Bollenberger","description":"Ihr Steuerberater in Wiener Neustadt, Wien, Graz, Purkersdorf","potentialAction":[{"@type":"SearchAction","target":{"@type":"EntryPoint","urlTemplate":"https:\/\/area-bollenberger.at\/?s={search_term_string}"},"query-input":{"@type":"PropertyValueSpecification","valueRequired":true,"valueName":"search_term_string"}}],"inLanguage":"en-US"},{"@type":"Person","@id":"https:\/\/area-bollenberger.at\/#\/schema\/person\/20352707a97ff830a14845de19948b88","name":"Programmer","image":{"@type":"ImageObject","inLanguage":"en-US","@id":"https:\/\/secure.gravatar.com\/avatar\/32a5fef8e085a355e1185a47fe3fab2c6e582bf7eefcf7bc8cefef9fff0682b4?s=96&d=mm&r=g","url":"https:\/\/secure.gravatar.com\/avatar\/32a5fef8e085a355e1185a47fe3fab2c6e582bf7eefcf7bc8cefef9fff0682b4?s=96&d=mm&r=g","contentUrl":"https:\/\/secure.gravatar.com\/avatar\/32a5fef8e085a355e1185a47fe3fab2c6e582bf7eefcf7bc8cefef9fff0682b4?s=96&d=mm&r=g","caption":"Programmer"},"url":"https:\/\/area-bollenberger.at\/en\/author\/programmer\/"}]}},"_links":{"self":[{"href":"https:\/\/area-bollenberger.at\/en\/wp-json\/wp\/v2\/posts\/5308","targetHints":{"allow":["GET"]}}],"collection":[{"href":"https:\/\/area-bollenberger.at\/en\/wp-json\/wp\/v2\/posts"}],"about":[{"href":"https:\/\/area-bollenberger.at\/en\/wp-json\/wp\/v2\/types\/post"}],"author":[{"embeddable":true,"href":"https:\/\/area-bollenberger.at\/en\/wp-json\/wp\/v2\/users\/6"}],"replies":[{"embeddable":true,"href":"https:\/\/area-bollenberger.at\/en\/wp-json\/wp\/v2\/comments?post=5308"}],"version-history":[{"count":1,"href":"https:\/\/area-bollenberger.at\/en\/wp-json\/wp\/v2\/posts\/5308\/revisions"}],"predecessor-version":[{"id":7050,"href":"https:\/\/area-bollenberger.at\/en\/wp-json\/wp\/v2\/posts\/5308\/revisions\/7050"}],"wp:featuredmedia":[{"embeddable":true,"href":"https:\/\/area-bollenberger.at\/en\/wp-json\/wp\/v2\/media\/5320"}],"wp:attachment":[{"href":"https:\/\/area-bollenberger.at\/en\/wp-json\/wp\/v2\/media?parent=5308"}],"wp:term":[{"taxonomy":"category","embeddable":true,"href":"https:\/\/area-bollenberger.at\/en\/wp-json\/wp\/v2\/categories?post=5308"},{"taxonomy":"post_tag","embeddable":true,"href":"https:\/\/area-bollenberger.at\/en\/wp-json\/wp\/v2\/tags?post=5308"}],"curies":[{"name":"wp","href":"https:\/\/api.w.org\/{rel}","templated":true}]}}