{"id":4782,"date":"2022-06-28T08:13:34","date_gmt":"2022-06-28T08:13:34","guid":{"rendered":"https:\/\/area-bollenberger.at\/?p=4782"},"modified":"2025-08-03T21:03:46","modified_gmt":"2025-08-03T19:03:46","slug":"fristverlaengerung-jab-offenlegung","status":"publish","type":"post","link":"https:\/\/area-bollenberger.at\/en\/fristverlaengerung-jab-offenlegung\/","title":{"rendered":"Fristverl\u00e4ngerung JAB-Offenlegung"},"content":{"rendered":"\n<p>Der Nationalrat hat beschlossen, die Offenlegungsfrist f\u00fcr Jahresabschl\u00fcsse von Kapitalgesellschaften oder diesen gleichgestellten GmbH &amp; Co KGs mit Bilanzstichtag 31.12.2021 und f\u00fcr Jahresabschl\u00fcsse mit davor liegenden Bilanzstichtagen (wenn die Frist f\u00fcr die Aufstellung am 16. M\u00e4rz 2020 noch nicht abgelaufen war) von neun auf zw\u00f6lf Monate zu verl\u00e4ngern; die Aufstellungsfrist wird von f\u00fcnf auf neun Monate erstreckt. Jahresabschl\u00fcsse mit dem Stichtag 31.01.2022 und 28.02.2022 sind ebenfalls bis 31.12.2022 offenzulegen.<\/p>\n","protected":false},"excerpt":{"rendered":"<p>Der Nationalrat hat beschlossen, die Offenlegungsfrist f\u00fcr Jahresabschl\u00fcsse von Kapitalgesellschaften oder diesen gleichgestellten GmbH &amp; Co KGs mit Bilanzstichtag 31.12.2021 und f\u00fcr Jahresabschl\u00fcsse mit davor liegenden Bilanzstichtagen (wenn die Frist f\u00fcr die Aufstellung am 16. M\u00e4rz 2020 noch nicht abgelaufen war) von neun auf zw\u00f6lf Monate zu verl\u00e4ngern; die Aufstellungsfrist wird von f\u00fcnf auf neun [&hellip;]<\/p>\n","protected":false},"author":6,"featured_media":4798,"comment_status":"closed","ping_status":"open","sticky":false,"template":"","format":"standard","meta":{"inline_featured_image":false,"footnotes":""},"categories":[14],"tags":[],"class_list":["post-4782","post","type-post","status-publish","format-standard","has-post-thumbnail","hentry","category-unkategorisiert"],"yoast_head":"<!-- This site is optimized with the Yoast SEO plugin v27.4 - https:\/\/yoast.com\/product\/yoast-seo-wordpress\/ -->\n<title>Fristverl\u00e4ngerung JAB-Offenlegung<\/title>\n<meta name=\"description\" content=\"Jahresabschl\u00fcsse mit dem Stichtag 31.01.2022 und 28.02.2022 sind bis 31.12.2022 offenzulegen.\" \/>\n<meta name=\"robots\" content=\"index, follow, max-snippet:-1, max-image-preview:large, max-video-preview:-1\" \/>\n<link rel=\"canonical\" href=\"https:\/\/area-bollenberger.at\/fristverlaengerung-jab-offenlegung\/\" \/>\n<meta property=\"og:locale\" content=\"en_US\" \/>\n<meta property=\"og:type\" content=\"article\" \/>\n<meta property=\"og:title\" content=\"Fristverl\u00e4ngerung JAB-Offenlegung\" \/>\n<meta property=\"og:description\" content=\"Jahresabschl\u00fcsse mit dem Stichtag 31.01.2022 und 28.02.2022 sind bis 31.12.2022 offenzulegen.\" \/>\n<meta property=\"og:url\" content=\"https:\/\/area-bollenberger.at\/fristverlaengerung-jab-offenlegung\/\" \/>\n<meta property=\"og:site_name\" content=\"Area Bollenberger\" \/>\n<meta property=\"article:publisher\" content=\"https:\/\/www.facebook.com\/Bollenberger.Bollenberger\/\" \/>\n<meta property=\"article:published_time\" content=\"2022-06-28T08:13:34+00:00\" \/>\n<meta property=\"article:modified_time\" content=\"2025-08-03T19:03:46+00:00\" \/>\n<meta property=\"og:image\" content=\"https:\/\/area-bollenberger.at\/wp-content\/uploads\/2022\/06\/Fristverlangerung-Offenlegung-JAB.jpg\" \/>\n\t<meta property=\"og:image:width\" content=\"660\" \/>\n\t<meta property=\"og:image:height\" content=\"318\" \/>\n\t<meta property=\"og:image:type\" content=\"image\/jpeg\" \/>\n<meta name=\"author\" content=\"Programmer\" \/>\n<meta name=\"twitter:card\" content=\"summary_large_image\" \/>\n<meta name=\"twitter:label1\" content=\"Written by\" \/>\n\t<meta name=\"twitter:data1\" content=\"Programmer\" \/>\n\t<meta name=\"twitter:label2\" content=\"Est. reading time\" \/>\n\t<meta name=\"twitter:data2\" content=\"1 minute\" \/>\n<script type=\"application\/ld+json\" class=\"yoast-schema-graph\">{\"@context\":\"https:\\\/\\\/schema.org\",\"@graph\":[{\"@type\":\"Article\",\"@id\":\"https:\\\/\\\/area-bollenberger.at\\\/fristverlaengerung-jab-offenlegung\\\/#article\",\"isPartOf\":{\"@id\":\"https:\\\/\\\/area-bollenberger.at\\\/fristverlaengerung-jab-offenlegung\\\/\"},\"author\":{\"name\":\"Programmer\",\"@id\":\"https:\\\/\\\/area-bollenberger.at\\\/#\\\/schema\\\/person\\\/20352707a97ff830a14845de19948b88\"},\"headline\":\"Fristverl\u00e4ngerung JAB-Offenlegung\",\"datePublished\":\"2022-06-28T08:13:34+00:00\",\"dateModified\":\"2025-08-03T19:03:46+00:00\",\"mainEntityOfPage\":{\"@id\":\"https:\\\/\\\/area-bollenberger.at\\\/fristverlaengerung-jab-offenlegung\\\/\"},\"wordCount\":76,\"image\":{\"@id\":\"https:\\\/\\\/area-bollenberger.at\\\/fristverlaengerung-jab-offenlegung\\\/#primaryimage\"},\"thumbnailUrl\":\"https:\\\/\\\/area-bollenberger.at\\\/wp-content\\\/uploads\\\/2022\\\/06\\\/Fristverlangerung-Offenlegung-JAB.jpg\",\"articleSection\":[\"Unkategorisiert\"],\"inLanguage\":\"en-US\"},{\"@type\":\"WebPage\",\"@id\":\"https:\\\/\\\/area-bollenberger.at\\\/fristverlaengerung-jab-offenlegung\\\/\",\"url\":\"https:\\\/\\\/area-bollenberger.at\\\/fristverlaengerung-jab-offenlegung\\\/\",\"name\":\"Fristverl\u00e4ngerung JAB-Offenlegung\",\"isPartOf\":{\"@id\":\"https:\\\/\\\/area-bollenberger.at\\\/#website\"},\"primaryImageOfPage\":{\"@id\":\"https:\\\/\\\/area-bollenberger.at\\\/fristverlaengerung-jab-offenlegung\\\/#primaryimage\"},\"image\":{\"@id\":\"https:\\\/\\\/area-bollenberger.at\\\/fristverlaengerung-jab-offenlegung\\\/#primaryimage\"},\"thumbnailUrl\":\"https:\\\/\\\/area-bollenberger.at\\\/wp-content\\\/uploads\\\/2022\\\/06\\\/Fristverlangerung-Offenlegung-JAB.jpg\",\"datePublished\":\"2022-06-28T08:13:34+00:00\",\"dateModified\":\"2025-08-03T19:03:46+00:00\",\"author\":{\"@id\":\"https:\\\/\\\/area-bollenberger.at\\\/#\\\/schema\\\/person\\\/20352707a97ff830a14845de19948b88\"},\"description\":\"Jahresabschl\u00fcsse mit dem Stichtag 31.01.2022 und 28.02.2022 sind bis 31.12.2022 offenzulegen.\",\"breadcrumb\":{\"@id\":\"https:\\\/\\\/area-bollenberger.at\\\/fristverlaengerung-jab-offenlegung\\\/#breadcrumb\"},\"inLanguage\":\"en-US\",\"potentialAction\":[{\"@type\":\"ReadAction\",\"target\":[\"https:\\\/\\\/area-bollenberger.at\\\/fristverlaengerung-jab-offenlegung\\\/\"]}]},{\"@type\":\"ImageObject\",\"inLanguage\":\"en-US\",\"@id\":\"https:\\\/\\\/area-bollenberger.at\\\/fristverlaengerung-jab-offenlegung\\\/#primaryimage\",\"url\":\"https:\\\/\\\/area-bollenberger.at\\\/wp-content\\\/uploads\\\/2022\\\/06\\\/Fristverlangerung-Offenlegung-JAB.jpg\",\"contentUrl\":\"https:\\\/\\\/area-bollenberger.at\\\/wp-content\\\/uploads\\\/2022\\\/06\\\/Fristverlangerung-Offenlegung-JAB.jpg\",\"width\":660,\"height\":318,\"caption\":\"Businessman Preparing reports papers with graphs, charts on Stacks of documents files for finance in office. Piles unfinished achieves with paper clip near computer. Concept of Business Annual Report.\"},{\"@type\":\"BreadcrumbList\",\"@id\":\"https:\\\/\\\/area-bollenberger.at\\\/fristverlaengerung-jab-offenlegung\\\/#breadcrumb\",\"itemListElement\":[{\"@type\":\"ListItem\",\"position\":1,\"name\":\"Start\",\"item\":\"https:\\\/\\\/area-bollenberger.at\\\/en\\\/\"},{\"@type\":\"ListItem\",\"position\":2,\"name\":\"Fristverl\u00e4ngerung JAB-Offenlegung\"}]},{\"@type\":\"WebSite\",\"@id\":\"https:\\\/\\\/area-bollenberger.at\\\/#website\",\"url\":\"https:\\\/\\\/area-bollenberger.at\\\/\",\"name\":\"Area Bollenberger\",\"description\":\"Ihr Steuerberater in Wiener Neustadt, Wien, Graz, Purkersdorf\",\"potentialAction\":[{\"@type\":\"SearchAction\",\"target\":{\"@type\":\"EntryPoint\",\"urlTemplate\":\"https:\\\/\\\/area-bollenberger.at\\\/?s={search_term_string}\"},\"query-input\":{\"@type\":\"PropertyValueSpecification\",\"valueRequired\":true,\"valueName\":\"search_term_string\"}}],\"inLanguage\":\"en-US\"},{\"@type\":\"Person\",\"@id\":\"https:\\\/\\\/area-bollenberger.at\\\/#\\\/schema\\\/person\\\/20352707a97ff830a14845de19948b88\",\"name\":\"Programmer\",\"image\":{\"@type\":\"ImageObject\",\"inLanguage\":\"en-US\",\"@id\":\"https:\\\/\\\/secure.gravatar.com\\\/avatar\\\/32a5fef8e085a355e1185a47fe3fab2c6e582bf7eefcf7bc8cefef9fff0682b4?s=96&d=mm&r=g\",\"url\":\"https:\\\/\\\/secure.gravatar.com\\\/avatar\\\/32a5fef8e085a355e1185a47fe3fab2c6e582bf7eefcf7bc8cefef9fff0682b4?s=96&d=mm&r=g\",\"contentUrl\":\"https:\\\/\\\/secure.gravatar.com\\\/avatar\\\/32a5fef8e085a355e1185a47fe3fab2c6e582bf7eefcf7bc8cefef9fff0682b4?s=96&d=mm&r=g\",\"caption\":\"Programmer\"},\"url\":\"https:\\\/\\\/area-bollenberger.at\\\/en\\\/author\\\/programmer\\\/\"}]}<\/script>\n<!-- \/ Yoast SEO plugin. -->","yoast_head_json":{"title":"Fristverl\u00e4ngerung JAB-Offenlegung","description":"Jahresabschl\u00fcsse mit dem Stichtag 31.01.2022 und 28.02.2022 sind bis 31.12.2022 offenzulegen.","robots":{"index":"index","follow":"follow","max-snippet":"max-snippet:-1","max-image-preview":"max-image-preview:large","max-video-preview":"max-video-preview:-1"},"canonical":"https:\/\/area-bollenberger.at\/fristverlaengerung-jab-offenlegung\/","og_locale":"en_US","og_type":"article","og_title":"Fristverl\u00e4ngerung JAB-Offenlegung","og_description":"Jahresabschl\u00fcsse mit dem Stichtag 31.01.2022 und 28.02.2022 sind bis 31.12.2022 offenzulegen.","og_url":"https:\/\/area-bollenberger.at\/fristverlaengerung-jab-offenlegung\/","og_site_name":"Area Bollenberger","article_publisher":"https:\/\/www.facebook.com\/Bollenberger.Bollenberger\/","article_published_time":"2022-06-28T08:13:34+00:00","article_modified_time":"2025-08-03T19:03:46+00:00","og_image":[{"width":660,"height":318,"url":"https:\/\/area-bollenberger.at\/wp-content\/uploads\/2022\/06\/Fristverlangerung-Offenlegung-JAB.jpg","type":"image\/jpeg"}],"author":"Programmer","twitter_card":"summary_large_image","twitter_misc":{"Written by":"Programmer","Est. reading time":"1 minute"},"schema":{"@context":"https:\/\/schema.org","@graph":[{"@type":"Article","@id":"https:\/\/area-bollenberger.at\/fristverlaengerung-jab-offenlegung\/#article","isPartOf":{"@id":"https:\/\/area-bollenberger.at\/fristverlaengerung-jab-offenlegung\/"},"author":{"name":"Programmer","@id":"https:\/\/area-bollenberger.at\/#\/schema\/person\/20352707a97ff830a14845de19948b88"},"headline":"Fristverl\u00e4ngerung JAB-Offenlegung","datePublished":"2022-06-28T08:13:34+00:00","dateModified":"2025-08-03T19:03:46+00:00","mainEntityOfPage":{"@id":"https:\/\/area-bollenberger.at\/fristverlaengerung-jab-offenlegung\/"},"wordCount":76,"image":{"@id":"https:\/\/area-bollenberger.at\/fristverlaengerung-jab-offenlegung\/#primaryimage"},"thumbnailUrl":"https:\/\/area-bollenberger.at\/wp-content\/uploads\/2022\/06\/Fristverlangerung-Offenlegung-JAB.jpg","articleSection":["Unkategorisiert"],"inLanguage":"en-US"},{"@type":"WebPage","@id":"https:\/\/area-bollenberger.at\/fristverlaengerung-jab-offenlegung\/","url":"https:\/\/area-bollenberger.at\/fristverlaengerung-jab-offenlegung\/","name":"Fristverl\u00e4ngerung JAB-Offenlegung","isPartOf":{"@id":"https:\/\/area-bollenberger.at\/#website"},"primaryImageOfPage":{"@id":"https:\/\/area-bollenberger.at\/fristverlaengerung-jab-offenlegung\/#primaryimage"},"image":{"@id":"https:\/\/area-bollenberger.at\/fristverlaengerung-jab-offenlegung\/#primaryimage"},"thumbnailUrl":"https:\/\/area-bollenberger.at\/wp-content\/uploads\/2022\/06\/Fristverlangerung-Offenlegung-JAB.jpg","datePublished":"2022-06-28T08:13:34+00:00","dateModified":"2025-08-03T19:03:46+00:00","author":{"@id":"https:\/\/area-bollenberger.at\/#\/schema\/person\/20352707a97ff830a14845de19948b88"},"description":"Jahresabschl\u00fcsse mit dem Stichtag 31.01.2022 und 28.02.2022 sind bis 31.12.2022 offenzulegen.","breadcrumb":{"@id":"https:\/\/area-bollenberger.at\/fristverlaengerung-jab-offenlegung\/#breadcrumb"},"inLanguage":"en-US","potentialAction":[{"@type":"ReadAction","target":["https:\/\/area-bollenberger.at\/fristverlaengerung-jab-offenlegung\/"]}]},{"@type":"ImageObject","inLanguage":"en-US","@id":"https:\/\/area-bollenberger.at\/fristverlaengerung-jab-offenlegung\/#primaryimage","url":"https:\/\/area-bollenberger.at\/wp-content\/uploads\/2022\/06\/Fristverlangerung-Offenlegung-JAB.jpg","contentUrl":"https:\/\/area-bollenberger.at\/wp-content\/uploads\/2022\/06\/Fristverlangerung-Offenlegung-JAB.jpg","width":660,"height":318,"caption":"Businessman Preparing reports papers with graphs, charts on Stacks of documents files for finance in office. Piles unfinished achieves with paper clip near computer. Concept of Business Annual Report."},{"@type":"BreadcrumbList","@id":"https:\/\/area-bollenberger.at\/fristverlaengerung-jab-offenlegung\/#breadcrumb","itemListElement":[{"@type":"ListItem","position":1,"name":"Start","item":"https:\/\/area-bollenberger.at\/en\/"},{"@type":"ListItem","position":2,"name":"Fristverl\u00e4ngerung JAB-Offenlegung"}]},{"@type":"WebSite","@id":"https:\/\/area-bollenberger.at\/#website","url":"https:\/\/area-bollenberger.at\/","name":"Area Bollenberger","description":"Ihr Steuerberater in Wiener Neustadt, Wien, Graz, Purkersdorf","potentialAction":[{"@type":"SearchAction","target":{"@type":"EntryPoint","urlTemplate":"https:\/\/area-bollenberger.at\/?s={search_term_string}"},"query-input":{"@type":"PropertyValueSpecification","valueRequired":true,"valueName":"search_term_string"}}],"inLanguage":"en-US"},{"@type":"Person","@id":"https:\/\/area-bollenberger.at\/#\/schema\/person\/20352707a97ff830a14845de19948b88","name":"Programmer","image":{"@type":"ImageObject","inLanguage":"en-US","@id":"https:\/\/secure.gravatar.com\/avatar\/32a5fef8e085a355e1185a47fe3fab2c6e582bf7eefcf7bc8cefef9fff0682b4?s=96&d=mm&r=g","url":"https:\/\/secure.gravatar.com\/avatar\/32a5fef8e085a355e1185a47fe3fab2c6e582bf7eefcf7bc8cefef9fff0682b4?s=96&d=mm&r=g","contentUrl":"https:\/\/secure.gravatar.com\/avatar\/32a5fef8e085a355e1185a47fe3fab2c6e582bf7eefcf7bc8cefef9fff0682b4?s=96&d=mm&r=g","caption":"Programmer"},"url":"https:\/\/area-bollenberger.at\/en\/author\/programmer\/"}]}},"_links":{"self":[{"href":"https:\/\/area-bollenberger.at\/en\/wp-json\/wp\/v2\/posts\/4782","targetHints":{"allow":["GET"]}}],"collection":[{"href":"https:\/\/area-bollenberger.at\/en\/wp-json\/wp\/v2\/posts"}],"about":[{"href":"https:\/\/area-bollenberger.at\/en\/wp-json\/wp\/v2\/types\/post"}],"author":[{"embeddable":true,"href":"https:\/\/area-bollenberger.at\/en\/wp-json\/wp\/v2\/users\/6"}],"replies":[{"embeddable":true,"href":"https:\/\/area-bollenberger.at\/en\/wp-json\/wp\/v2\/comments?post=4782"}],"version-history":[{"count":1,"href":"https:\/\/area-bollenberger.at\/en\/wp-json\/wp\/v2\/posts\/4782\/revisions"}],"predecessor-version":[{"id":7098,"href":"https:\/\/area-bollenberger.at\/en\/wp-json\/wp\/v2\/posts\/4782\/revisions\/7098"}],"wp:featuredmedia":[{"embeddable":true,"href":"https:\/\/area-bollenberger.at\/en\/wp-json\/wp\/v2\/media\/4798"}],"wp:attachment":[{"href":"https:\/\/area-bollenberger.at\/en\/wp-json\/wp\/v2\/media?parent=4782"}],"wp:term":[{"taxonomy":"category","embeddable":true,"href":"https:\/\/area-bollenberger.at\/en\/wp-json\/wp\/v2\/categories?post=4782"},{"taxonomy":"post_tag","embeddable":true,"href":"https:\/\/area-bollenberger.at\/en\/wp-json\/wp\/v2\/tags?post=4782"}],"curies":[{"name":"wp","href":"https:\/\/api.w.org\/{rel}","templated":true}]}}