{"id":4659,"date":"2022-04-26T08:10:13","date_gmt":"2022-04-26T08:10:13","guid":{"rendered":"https:\/\/area-bollenberger.at\/?p=4659"},"modified":"2025-08-03T21:03:46","modified_gmt":"2025-08-03T19:03:46","slug":"befreiung-von-der-immobilienertragsteuer-beim-grundstueckstausch","status":"publish","type":"post","link":"https:\/\/area-bollenberger.at\/en\/befreiung-von-der-immobilienertragsteuer-beim-grundstueckstausch\/","title":{"rendered":"Befreiung von der Immobilienertragsteuer beim Grundst\u00fcckstausch"},"content":{"rendered":"\n<p>Der Verwaltungsgerichtshof (VwGH) hat sich mit der Frage befasst, unter welchen Bedingungen ein Grundst\u00fcckstausch nicht der Immobilienertragsteuer (ImmoESt) unterliegt.<\/p>\n\n\n\n<p>Nicht nur die Ver\u00e4u\u00dferung von Grund und Boden, Geb\u00e4uden und grundst\u00fccksgleichen Rechten im Sinne des b\u00fcrgerlichen Rechtes unterliegen der Immobilienertragsteuer, sondern auch Grundst\u00fcckstauschvorg\u00e4nge. Eink\u00fcnfte aus der Ver\u00e4u\u00dferung von Grundst\u00fccken <br>unterliegen meist einem besonderen Steuersatz von 30 % und wirken nicht progressionserh\u00f6hend f\u00fcr das Resteinkommen.<\/p>\n\n\n\n<p><strong>Befreiung von der ImmoESt<\/strong><\/p>\n\n\n\n<p>Unter gewissen Voraussetzungen sind von der Immobilienertragsteuer ausgenommen:<\/p>\n\n\n\n<p><strong>\u2022<\/strong> &nbsp;die Ver\u00e4u\u00dferung von Eigenheimen oder Eigentumswohnungen,<\/p>\n\n\n\n<p><strong>\u2022<\/strong> &nbsp;die Ver\u00e4u\u00dferung von selbst hergestellten Geb\u00e4uden,<\/p>\n\n\n\n<p><strong>\u2022<\/strong> &nbsp;die Ver\u00e4u\u00dferungen von Grundst\u00fccken infolge eines beh\u00f6rdlichen Eingriffs,<\/p>\n\n\n\n<p><strong>\u2022<\/strong> &nbsp;sowie Tauschvorg\u00e4nge.<\/p>\n\n\n\n<p><strong>ImmoESt-befreite Tauschvorg\u00e4nge<\/strong><\/p>\n\n\n\n<p>Tauschvorg\u00e4nge sind von der Besteuerung ausgenommen, wenn land- und forstwirtschaftliche Grundst\u00fccke im Rahmen eines Zusammenlegungs- oder Flurbereinigungsverfahrens sowie im Rahmen beh\u00f6rdlicher Ma\u00dfnahmen zur besseren Gestaltung von Bauland (sogenannte Baulandumlegung) insbesondere nach den f\u00fcr die bessere Gestaltung von Bauland geltenden Vorschriften getauscht werden.<\/p>\n\n\n\n<p>Der VwGH hat hier in seiner j\u00fcngsten Entscheidung die Beurteilung, ob ein Tauschvorgang f\u00fcr die bessere Gestaltung von Bauland beitr\u00e4gt, gro\u00dfz\u00fcgiger gefasst, als die Finanzverwaltung.<\/p>\n\n\n\n<p>Es gen\u00fcgt bereits, wenn durch den Tauschvorgang die bessere Bebaubarkeit einer Grundfl\u00e4che erzielt wird und damit das \u00f6ffentliche Interesse unterst\u00fctzt wird.<\/p>\n\n\n\n<p><strong>Hinweis:<\/strong><br>Sollten Sie beabsichtigen, ein Grundst\u00fcck zu verkaufen, zu tauschen oder es unentgeltlich zu \u00fcbertragen, kontaktieren Sie uns vorab, damit wir eine steuerrechtlich optimale \u00dcbertragung f\u00fcr Sie vorbereiten zu k\u00f6nnen.<\/p>\n","protected":false},"excerpt":{"rendered":"<p>Der Verwaltungsgerichtshof (VwGH) hat sich mit der Frage befasst, unter welchen Bedingungen ein Grundst\u00fcckstausch nicht der Immobilienertragsteuer (ImmoESt) unterliegt. Nicht nur die Ver\u00e4u\u00dferung von Grund und Boden, Geb\u00e4uden und grundst\u00fccksgleichen Rechten im Sinne des b\u00fcrgerlichen Rechtes unterliegen der Immobilienertragsteuer, sondern auch Grundst\u00fcckstauschvorg\u00e4nge. Eink\u00fcnfte aus der Ver\u00e4u\u00dferung von Grundst\u00fccken unterliegen meist einem besonderen Steuersatz von 30 [&hellip;]<\/p>\n","protected":false},"author":6,"featured_media":4682,"comment_status":"closed","ping_status":"open","sticky":false,"template":"","format":"standard","meta":{"inline_featured_image":false,"footnotes":""},"categories":[14],"tags":[],"class_list":["post-4659","post","type-post","status-publish","format-standard","has-post-thumbnail","hentry","category-unkategorisiert"],"yoast_head":"<!-- This site is optimized with the Yoast SEO plugin v27.4 - https:\/\/yoast.com\/product\/yoast-seo-wordpress\/ -->\n<title>Befreiung von der Immobilienertragsteuer beim Grundst\u00fcckstausch<\/title>\n<meta name=\"description\" content=\"Der VwGH hat sich mit der Frage befasst, unter welchen Bedingungen ein Grundst\u00fcckstausch nicht der Immobilienertragsteuer (ImmoESt) unterliegt.\" \/>\n<meta name=\"robots\" content=\"index, follow, max-snippet:-1, max-image-preview:large, max-video-preview:-1\" \/>\n<link rel=\"canonical\" href=\"https:\/\/area-bollenberger.at\/befreiung-von-der-immobilienertragsteuer-beim-grundstueckstausch\/\" \/>\n<meta property=\"og:locale\" content=\"en_US\" \/>\n<meta property=\"og:type\" content=\"article\" \/>\n<meta property=\"og:title\" content=\"Befreiung von der Immobilienertragsteuer beim Grundst\u00fcckstausch\" \/>\n<meta property=\"og:description\" content=\"Der VwGH hat sich mit der Frage befasst, unter welchen Bedingungen ein Grundst\u00fcckstausch nicht der Immobilienertragsteuer (ImmoESt) unterliegt.\" \/>\n<meta property=\"og:url\" content=\"https:\/\/area-bollenberger.at\/befreiung-von-der-immobilienertragsteuer-beim-grundstueckstausch\/\" \/>\n<meta property=\"og:site_name\" content=\"Area Bollenberger\" \/>\n<meta property=\"article:publisher\" content=\"https:\/\/www.facebook.com\/Bollenberger.Bollenberger\/\" \/>\n<meta property=\"article:published_time\" content=\"2022-04-26T08:10:13+00:00\" \/>\n<meta property=\"article:modified_time\" content=\"2025-08-03T19:03:46+00:00\" \/>\n<meta property=\"og:image\" content=\"https:\/\/area-bollenberger.at\/wp-content\/uploads\/2022\/04\/Befreiung-von-der-Immobilienertragsteuer-beim-Grundstuckstausch.jpg\" \/>\n\t<meta property=\"og:image:width\" content=\"660\" \/>\n\t<meta property=\"og:image:height\" content=\"318\" \/>\n\t<meta property=\"og:image:type\" content=\"image\/jpeg\" \/>\n<meta name=\"author\" content=\"Programmer\" \/>\n<meta name=\"twitter:card\" content=\"summary_large_image\" \/>\n<meta name=\"twitter:label1\" content=\"Written by\" \/>\n\t<meta name=\"twitter:data1\" content=\"Programmer\" \/>\n\t<meta name=\"twitter:label2\" content=\"Est. reading time\" \/>\n\t<meta name=\"twitter:data2\" content=\"1 minute\" \/>\n<script type=\"application\/ld+json\" class=\"yoast-schema-graph\">{\"@context\":\"https:\\\/\\\/schema.org\",\"@graph\":[{\"@type\":\"Article\",\"@id\":\"https:\\\/\\\/area-bollenberger.at\\\/befreiung-von-der-immobilienertragsteuer-beim-grundstueckstausch\\\/#article\",\"isPartOf\":{\"@id\":\"https:\\\/\\\/area-bollenberger.at\\\/befreiung-von-der-immobilienertragsteuer-beim-grundstueckstausch\\\/\"},\"author\":{\"name\":\"Programmer\",\"@id\":\"https:\\\/\\\/area-bollenberger.at\\\/#\\\/schema\\\/person\\\/20352707a97ff830a14845de19948b88\"},\"headline\":\"Befreiung von der Immobilienertragsteuer beim Grundst\u00fcckstausch\",\"datePublished\":\"2022-04-26T08:10:13+00:00\",\"dateModified\":\"2025-08-03T19:03:46+00:00\",\"mainEntityOfPage\":{\"@id\":\"https:\\\/\\\/area-bollenberger.at\\\/befreiung-von-der-immobilienertragsteuer-beim-grundstueckstausch\\\/\"},\"wordCount\":267,\"image\":{\"@id\":\"https:\\\/\\\/area-bollenberger.at\\\/befreiung-von-der-immobilienertragsteuer-beim-grundstueckstausch\\\/#primaryimage\"},\"thumbnailUrl\":\"https:\\\/\\\/area-bollenberger.at\\\/wp-content\\\/uploads\\\/2022\\\/04\\\/Befreiung-von-der-Immobilienertragsteuer-beim-Grundstuckstausch.jpg\",\"articleSection\":[\"Unkategorisiert\"],\"inLanguage\":\"en-US\"},{\"@type\":\"WebPage\",\"@id\":\"https:\\\/\\\/area-bollenberger.at\\\/befreiung-von-der-immobilienertragsteuer-beim-grundstueckstausch\\\/\",\"url\":\"https:\\\/\\\/area-bollenberger.at\\\/befreiung-von-der-immobilienertragsteuer-beim-grundstueckstausch\\\/\",\"name\":\"Befreiung von der Immobilienertragsteuer beim Grundst\u00fcckstausch\",\"isPartOf\":{\"@id\":\"https:\\\/\\\/area-bollenberger.at\\\/#website\"},\"primaryImageOfPage\":{\"@id\":\"https:\\\/\\\/area-bollenberger.at\\\/befreiung-von-der-immobilienertragsteuer-beim-grundstueckstausch\\\/#primaryimage\"},\"image\":{\"@id\":\"https:\\\/\\\/area-bollenberger.at\\\/befreiung-von-der-immobilienertragsteuer-beim-grundstueckstausch\\\/#primaryimage\"},\"thumbnailUrl\":\"https:\\\/\\\/area-bollenberger.at\\\/wp-content\\\/uploads\\\/2022\\\/04\\\/Befreiung-von-der-Immobilienertragsteuer-beim-Grundstuckstausch.jpg\",\"datePublished\":\"2022-04-26T08:10:13+00:00\",\"dateModified\":\"2025-08-03T19:03:46+00:00\",\"author\":{\"@id\":\"https:\\\/\\\/area-bollenberger.at\\\/#\\\/schema\\\/person\\\/20352707a97ff830a14845de19948b88\"},\"description\":\"Der VwGH hat sich mit der Frage befasst, unter welchen Bedingungen ein Grundst\u00fcckstausch nicht der Immobilienertragsteuer (ImmoESt) unterliegt.\",\"breadcrumb\":{\"@id\":\"https:\\\/\\\/area-bollenberger.at\\\/befreiung-von-der-immobilienertragsteuer-beim-grundstueckstausch\\\/#breadcrumb\"},\"inLanguage\":\"en-US\",\"potentialAction\":[{\"@type\":\"ReadAction\",\"target\":[\"https:\\\/\\\/area-bollenberger.at\\\/befreiung-von-der-immobilienertragsteuer-beim-grundstueckstausch\\\/\"]}]},{\"@type\":\"ImageObject\",\"inLanguage\":\"en-US\",\"@id\":\"https:\\\/\\\/area-bollenberger.at\\\/befreiung-von-der-immobilienertragsteuer-beim-grundstueckstausch\\\/#primaryimage\",\"url\":\"https:\\\/\\\/area-bollenberger.at\\\/wp-content\\\/uploads\\\/2022\\\/04\\\/Befreiung-von-der-Immobilienertragsteuer-beim-Grundstuckstausch.jpg\",\"contentUrl\":\"https:\\\/\\\/area-bollenberger.at\\\/wp-content\\\/uploads\\\/2022\\\/04\\\/Befreiung-von-der-Immobilienertragsteuer-beim-Grundstuckstausch.jpg\",\"width\":660,\"height\":318},{\"@type\":\"BreadcrumbList\",\"@id\":\"https:\\\/\\\/area-bollenberger.at\\\/befreiung-von-der-immobilienertragsteuer-beim-grundstueckstausch\\\/#breadcrumb\",\"itemListElement\":[{\"@type\":\"ListItem\",\"position\":1,\"name\":\"Start\",\"item\":\"https:\\\/\\\/area-bollenberger.at\\\/en\\\/\"},{\"@type\":\"ListItem\",\"position\":2,\"name\":\"Befreiung von der Immobilienertragsteuer beim Grundst\u00fcckstausch\"}]},{\"@type\":\"WebSite\",\"@id\":\"https:\\\/\\\/area-bollenberger.at\\\/#website\",\"url\":\"https:\\\/\\\/area-bollenberger.at\\\/\",\"name\":\"Area Bollenberger\",\"description\":\"Ihr Steuerberater in Wiener Neustadt, Wien, Graz, Purkersdorf\",\"potentialAction\":[{\"@type\":\"SearchAction\",\"target\":{\"@type\":\"EntryPoint\",\"urlTemplate\":\"https:\\\/\\\/area-bollenberger.at\\\/?s={search_term_string}\"},\"query-input\":{\"@type\":\"PropertyValueSpecification\",\"valueRequired\":true,\"valueName\":\"search_term_string\"}}],\"inLanguage\":\"en-US\"},{\"@type\":\"Person\",\"@id\":\"https:\\\/\\\/area-bollenberger.at\\\/#\\\/schema\\\/person\\\/20352707a97ff830a14845de19948b88\",\"name\":\"Programmer\",\"image\":{\"@type\":\"ImageObject\",\"inLanguage\":\"en-US\",\"@id\":\"https:\\\/\\\/secure.gravatar.com\\\/avatar\\\/32a5fef8e085a355e1185a47fe3fab2c6e582bf7eefcf7bc8cefef9fff0682b4?s=96&d=mm&r=g\",\"url\":\"https:\\\/\\\/secure.gravatar.com\\\/avatar\\\/32a5fef8e085a355e1185a47fe3fab2c6e582bf7eefcf7bc8cefef9fff0682b4?s=96&d=mm&r=g\",\"contentUrl\":\"https:\\\/\\\/secure.gravatar.com\\\/avatar\\\/32a5fef8e085a355e1185a47fe3fab2c6e582bf7eefcf7bc8cefef9fff0682b4?s=96&d=mm&r=g\",\"caption\":\"Programmer\"},\"url\":\"https:\\\/\\\/area-bollenberger.at\\\/en\\\/author\\\/programmer\\\/\"}]}<\/script>\n<!-- \/ Yoast SEO plugin. -->","yoast_head_json":{"title":"Befreiung von der Immobilienertragsteuer beim Grundst\u00fcckstausch","description":"Der VwGH hat sich mit der Frage befasst, unter welchen Bedingungen ein Grundst\u00fcckstausch nicht der Immobilienertragsteuer (ImmoESt) unterliegt.","robots":{"index":"index","follow":"follow","max-snippet":"max-snippet:-1","max-image-preview":"max-image-preview:large","max-video-preview":"max-video-preview:-1"},"canonical":"https:\/\/area-bollenberger.at\/befreiung-von-der-immobilienertragsteuer-beim-grundstueckstausch\/","og_locale":"en_US","og_type":"article","og_title":"Befreiung von der Immobilienertragsteuer beim Grundst\u00fcckstausch","og_description":"Der VwGH hat sich mit der Frage befasst, unter welchen Bedingungen ein Grundst\u00fcckstausch nicht der Immobilienertragsteuer (ImmoESt) unterliegt.","og_url":"https:\/\/area-bollenberger.at\/befreiung-von-der-immobilienertragsteuer-beim-grundstueckstausch\/","og_site_name":"Area Bollenberger","article_publisher":"https:\/\/www.facebook.com\/Bollenberger.Bollenberger\/","article_published_time":"2022-04-26T08:10:13+00:00","article_modified_time":"2025-08-03T19:03:46+00:00","og_image":[{"width":660,"height":318,"url":"https:\/\/area-bollenberger.at\/wp-content\/uploads\/2022\/04\/Befreiung-von-der-Immobilienertragsteuer-beim-Grundstuckstausch.jpg","type":"image\/jpeg"}],"author":"Programmer","twitter_card":"summary_large_image","twitter_misc":{"Written by":"Programmer","Est. reading time":"1 minute"},"schema":{"@context":"https:\/\/schema.org","@graph":[{"@type":"Article","@id":"https:\/\/area-bollenberger.at\/befreiung-von-der-immobilienertragsteuer-beim-grundstueckstausch\/#article","isPartOf":{"@id":"https:\/\/area-bollenberger.at\/befreiung-von-der-immobilienertragsteuer-beim-grundstueckstausch\/"},"author":{"name":"Programmer","@id":"https:\/\/area-bollenberger.at\/#\/schema\/person\/20352707a97ff830a14845de19948b88"},"headline":"Befreiung von der Immobilienertragsteuer beim Grundst\u00fcckstausch","datePublished":"2022-04-26T08:10:13+00:00","dateModified":"2025-08-03T19:03:46+00:00","mainEntityOfPage":{"@id":"https:\/\/area-bollenberger.at\/befreiung-von-der-immobilienertragsteuer-beim-grundstueckstausch\/"},"wordCount":267,"image":{"@id":"https:\/\/area-bollenberger.at\/befreiung-von-der-immobilienertragsteuer-beim-grundstueckstausch\/#primaryimage"},"thumbnailUrl":"https:\/\/area-bollenberger.at\/wp-content\/uploads\/2022\/04\/Befreiung-von-der-Immobilienertragsteuer-beim-Grundstuckstausch.jpg","articleSection":["Unkategorisiert"],"inLanguage":"en-US"},{"@type":"WebPage","@id":"https:\/\/area-bollenberger.at\/befreiung-von-der-immobilienertragsteuer-beim-grundstueckstausch\/","url":"https:\/\/area-bollenberger.at\/befreiung-von-der-immobilienertragsteuer-beim-grundstueckstausch\/","name":"Befreiung von der Immobilienertragsteuer beim Grundst\u00fcckstausch","isPartOf":{"@id":"https:\/\/area-bollenberger.at\/#website"},"primaryImageOfPage":{"@id":"https:\/\/area-bollenberger.at\/befreiung-von-der-immobilienertragsteuer-beim-grundstueckstausch\/#primaryimage"},"image":{"@id":"https:\/\/area-bollenberger.at\/befreiung-von-der-immobilienertragsteuer-beim-grundstueckstausch\/#primaryimage"},"thumbnailUrl":"https:\/\/area-bollenberger.at\/wp-content\/uploads\/2022\/04\/Befreiung-von-der-Immobilienertragsteuer-beim-Grundstuckstausch.jpg","datePublished":"2022-04-26T08:10:13+00:00","dateModified":"2025-08-03T19:03:46+00:00","author":{"@id":"https:\/\/area-bollenberger.at\/#\/schema\/person\/20352707a97ff830a14845de19948b88"},"description":"Der VwGH hat sich mit der Frage befasst, unter welchen Bedingungen ein Grundst\u00fcckstausch nicht der Immobilienertragsteuer (ImmoESt) unterliegt.","breadcrumb":{"@id":"https:\/\/area-bollenberger.at\/befreiung-von-der-immobilienertragsteuer-beim-grundstueckstausch\/#breadcrumb"},"inLanguage":"en-US","potentialAction":[{"@type":"ReadAction","target":["https:\/\/area-bollenberger.at\/befreiung-von-der-immobilienertragsteuer-beim-grundstueckstausch\/"]}]},{"@type":"ImageObject","inLanguage":"en-US","@id":"https:\/\/area-bollenberger.at\/befreiung-von-der-immobilienertragsteuer-beim-grundstueckstausch\/#primaryimage","url":"https:\/\/area-bollenberger.at\/wp-content\/uploads\/2022\/04\/Befreiung-von-der-Immobilienertragsteuer-beim-Grundstuckstausch.jpg","contentUrl":"https:\/\/area-bollenberger.at\/wp-content\/uploads\/2022\/04\/Befreiung-von-der-Immobilienertragsteuer-beim-Grundstuckstausch.jpg","width":660,"height":318},{"@type":"BreadcrumbList","@id":"https:\/\/area-bollenberger.at\/befreiung-von-der-immobilienertragsteuer-beim-grundstueckstausch\/#breadcrumb","itemListElement":[{"@type":"ListItem","position":1,"name":"Start","item":"https:\/\/area-bollenberger.at\/en\/"},{"@type":"ListItem","position":2,"name":"Befreiung von der Immobilienertragsteuer beim Grundst\u00fcckstausch"}]},{"@type":"WebSite","@id":"https:\/\/area-bollenberger.at\/#website","url":"https:\/\/area-bollenberger.at\/","name":"Area Bollenberger","description":"Ihr Steuerberater in Wiener Neustadt, Wien, Graz, Purkersdorf","potentialAction":[{"@type":"SearchAction","target":{"@type":"EntryPoint","urlTemplate":"https:\/\/area-bollenberger.at\/?s={search_term_string}"},"query-input":{"@type":"PropertyValueSpecification","valueRequired":true,"valueName":"search_term_string"}}],"inLanguage":"en-US"},{"@type":"Person","@id":"https:\/\/area-bollenberger.at\/#\/schema\/person\/20352707a97ff830a14845de19948b88","name":"Programmer","image":{"@type":"ImageObject","inLanguage":"en-US","@id":"https:\/\/secure.gravatar.com\/avatar\/32a5fef8e085a355e1185a47fe3fab2c6e582bf7eefcf7bc8cefef9fff0682b4?s=96&d=mm&r=g","url":"https:\/\/secure.gravatar.com\/avatar\/32a5fef8e085a355e1185a47fe3fab2c6e582bf7eefcf7bc8cefef9fff0682b4?s=96&d=mm&r=g","contentUrl":"https:\/\/secure.gravatar.com\/avatar\/32a5fef8e085a355e1185a47fe3fab2c6e582bf7eefcf7bc8cefef9fff0682b4?s=96&d=mm&r=g","caption":"Programmer"},"url":"https:\/\/area-bollenberger.at\/en\/author\/programmer\/"}]}},"_links":{"self":[{"href":"https:\/\/area-bollenberger.at\/en\/wp-json\/wp\/v2\/posts\/4659","targetHints":{"allow":["GET"]}}],"collection":[{"href":"https:\/\/area-bollenberger.at\/en\/wp-json\/wp\/v2\/posts"}],"about":[{"href":"https:\/\/area-bollenberger.at\/en\/wp-json\/wp\/v2\/types\/post"}],"author":[{"embeddable":true,"href":"https:\/\/area-bollenberger.at\/en\/wp-json\/wp\/v2\/users\/6"}],"replies":[{"embeddable":true,"href":"https:\/\/area-bollenberger.at\/en\/wp-json\/wp\/v2\/comments?post=4659"}],"version-history":[{"count":1,"href":"https:\/\/area-bollenberger.at\/en\/wp-json\/wp\/v2\/posts\/4659\/revisions"}],"predecessor-version":[{"id":7110,"href":"https:\/\/area-bollenberger.at\/en\/wp-json\/wp\/v2\/posts\/4659\/revisions\/7110"}],"wp:featuredmedia":[{"embeddable":true,"href":"https:\/\/area-bollenberger.at\/en\/wp-json\/wp\/v2\/media\/4682"}],"wp:attachment":[{"href":"https:\/\/area-bollenberger.at\/en\/wp-json\/wp\/v2\/media?parent=4659"}],"wp:term":[{"taxonomy":"category","embeddable":true,"href":"https:\/\/area-bollenberger.at\/en\/wp-json\/wp\/v2\/categories?post=4659"},{"taxonomy":"post_tag","embeddable":true,"href":"https:\/\/area-bollenberger.at\/en\/wp-json\/wp\/v2\/tags?post=4659"}],"curies":[{"name":"wp","href":"https:\/\/api.w.org\/{rel}","templated":true}]}}